{"id":922,"date":"2018-08-31T19:11:15","date_gmt":"2018-08-31T19:11:15","guid":{"rendered":"https:\/\/blog.infraspeak.com\/?p=922"},"modified":"2026-04-02T18:41:18","modified_gmt":"2026-04-02T18:41:18","slug":"conheca-os-10-clientes-infraspeak-nomeados-para-os-travel-awards-2018","status":"publish","type":"post","link":"https:\/\/blog.infraspeak.com\/pt-pt\/conheca-os-10-clientes-infraspeak-nomeados-para-os-travel-awards-2018\/","title":{"rendered":"Conhe\u00e7a os 10 clientes Infraspeak nomeados para os Travel Awards 2018"},"content":{"rendered":"<div id=\"bsf_rt_marker\"><\/div><div class=\"fusion-layout-column fusion_builder_column fusion_builder_column_1_1  fusion-one-full fusion-column-first fusion-column-last 1_1\">\n<div class=\"fusion-column-wrapper\" data-bg-url=\"\">\n<div class=\"fusion-text\">\n<p>Chegou a altura dos\u00a0<a href=\"http:\/\/premios.publituris.pt\/travel_2018\/\"><strong class=\"cooper-bold\">Publituris Portugal Travel Awards 2018<\/strong><\/a>, os pr\u00e9mios do prestigiado jornal\u00a0<a href=\"https:\/\/www.publituris.pt\/\">Publituris<\/a>, j\u00e1 conhecidos como os \u201c\u00d3scares do Turismo\u201d em Portugal. Estes pr\u00e9mios, que se destinam a premiar o que de melhor se faz em Portugal na \u00e1rea do turismo, ser\u00e3o entregues no dia 21 de Setembro, estando as vota\u00e7\u00f5es abertas at\u00e9 dia 14 de Setembro para os assinantes da Newsletter da Publituris.<\/p>\n<p>Como j\u00e1 seria de esperar, existem v\u00e1rios nomeados que utilizam o Infraspeak e o nosso <a href=\"https:\/\/infraspeak.com\/pt-pt\/plataforma\/software-gestao-de-ativos\">software gest\u00e3o de ativos<\/a> na gest\u00e3o das suas opera\u00e7\u00f5es (n\u00f3s gostamos de acreditar que contribu\u00edmos indiretamente para a sua nomea\u00e7\u00e3o, ou que contribuiremos para que continuem a ser nomeados em futuras edi\u00e7\u00f5es). Passemos a apresent\u00e1-los e a apelar ao voto por eles nas respetivas categorias:<\/p>\n<p>A excel\u00eancia operacional destes estabelecimentos hoteleiros \u00e9 suportada por uma gest\u00e3o eficiente das suas instala\u00e7\u00f5es, onde solu\u00e7\u00f5es como <a href=\"https:\/\/infraspeak.com\/pt-pt\/solucoes\/software-facility-management\">software gest\u00e3o de facilities<\/a> se tornam fundamentais para manter os elevados padr\u00f5es de qualidade que os levaram a estas nomea\u00e7\u00f5es.<\/p>\n<\/div>\n<div class=\"fusion-clearfix\"><\/div>\n<\/div>\n<\/div>\n<div class=\"fusion-layout-column fusion_builder_column fusion_builder_column_1_2  fusion-one-half fusion-column-first 1_2\">\n<div class=\"fusion-column-wrapper\" data-bg-url=\"\">\n<div class=\"fusion-text\">\n<h2 data-fontsize=\"18\" data-lineheight=\"27\"><a href=\"https:\/\/lisboa.dompedro.com\/pt\/\"><b>Dom Pedro Lisboa<\/b><\/a><\/h2>\n<p>O hotel Dom Pedro Lisboa, do\u00a0<a href=\"https:\/\/www.dompedro.com\/pt\/\">Grupo Dom Pedro<\/a>, que conta com 8 hot\u00e9is e resorts em Portugal e no Brasil, est\u00e1 nomeado para\u00a0<strong class=\"cooper-bold\">Melhor Hotel MICE<\/strong>(Meetings, Incentives, Conferences and Exhibitions).<\/p>\n<p>Este hotel de 5 estrelas est\u00e1 associado a alguns dos principais eventos sociais, musicais, culturais e desportivos de Lisboa, como o Rock In Rio Lisboa, a ModaLisboa ou a Maratona de Lisboa. Tem uma excelente localiza\u00e7\u00e3o no centro da capital portuguesa, pr\u00f3xima de pontos tur\u00edsticos importantes como a Pra\u00e7a Marqu\u00eas de Pombal, \u00e9 um excelente estabelecimento para uma estadia confort\u00e1vel.<\/p>\n<\/div>\n<div class=\"fusion-clearfix\"><\/div>\n<\/div>\n<\/div>\n<div class=\"fusion-layout-column fusion_builder_column fusion_builder_column_1_2  fusion-one-half fusion-column-last 1_2\">\n<div class=\"fusion-column-wrapper\" data-bg-url=\"\"><span class=\"fusion-imageframe imageframe-none imageframe-1 hover-type-none\"><img fetchpriority=\"high\" decoding=\"async\" class=\"img-responsive wp-image-10805\" title=\"hotel-dom-pedro-palace-exterior-4041dc2\" src=\"http:\/\/home.infraspeak.com\/wp-content\/uploads\/2018\/08\/hotel-dom-pedro-palace-exterior-4041dc2-800x493.jpg\" sizes=\"(max-width: 800px) 100vw, 600px\" srcset=\"http:\/\/home.infraspeak.com\/wp-content\/uploads\/2018\/08\/hotel-dom-pedro-palace-exterior-4041dc2-200x123.jpg 200w, http:\/\/home.infraspeak.com\/wp-content\/uploads\/2018\/08\/hotel-dom-pedro-palace-exterior-4041dc2-200x123@2x.jpg 400w, http:\/\/home.infraspeak.com\/wp-content\/uploads\/2018\/08\/hotel-dom-pedro-palace-exterior-4041dc2-600x370.jpg 600w, http:\/\/home.infraspeak.com\/wp-content\/uploads\/2018\/08\/hotel-dom-pedro-palace-exterior-4041dc2-400x246@2x.jpg 800w, http:\/\/home.infraspeak.com\/wp-content\/uploads\/2018\/08\/hotel-dom-pedro-palace-exterior-4041dc2.jpg 1000w\" alt=\"Hotel Dom Pedro Lisboa\" width=\"800\" height=\"493\" \/><\/span><\/p>\n<div class=\"fusion-clearfix\"><\/div>\n<\/div>\n<\/div>\n<div class=\"fusion-layout-column fusion_builder_column fusion_builder_column_1_2  fusion-one-half fusion-column-first 1_2\">\n<div class=\"fusion-column-wrapper\" data-bg-url=\"\"><\/div>\n<\/div>\n<div class=\"fusion-layout-column fusion_builder_column fusion_builder_column_1_2  fusion-one-half fusion-column-last 1_2\">\n<div class=\"fusion-column-wrapper\" data-bg-url=\"\">\n<div class=\"fusion-text\">\n<h2 data-fontsize=\"18\" data-lineheight=\"27\"><a href=\"https:\/\/www.dompedrogolf.com\/pt\/campos\/the-old-course-golf-club\/\"><b>Dom Pedro\u00a0<\/b><b>\u2013<\/b><b>\u00a0The Old Course<\/b><\/a><\/h2>\n<p>O Grupo Dom Pedro n\u00e3o se fica apenas pelos hot\u00e9is. Na categoria de\u00a0<strong class=\"cooper-bold\">Melhor Campo de Golfe<\/strong>\u00a0dos Travel Awards, temos tamb\u00e9m o The Old Course, situado em Vilamoura, no Algarve.<\/p>\n<p>Este percurso de golf internacionalmente reconhecido \u00e9 um dos mais antigos da regi\u00e3o e disponibiliza uma s\u00e9rie de facilidades como Loja de Golfe, transporte gratuito para os hot\u00e9is de Vilamoura, Bar e Restaurante e Campo de Treino.<\/p>\n<p>Al\u00e9m das qualidade do servi\u00e7o e infraestruturas, a sua excepcional integra\u00e7\u00e3o na paisagem \u00e9 seguramente um fator com peso na sua nomea\u00e7\u00e3o pela Publituris.<\/p>\n<p>A manuten\u00e7\u00e3o das infraestruturas e equipamentos em campos de golfe de prest\u00edgio como este requer uma gest\u00e3o rigorosa, sendo que <a href=\"https:\/\/infraspeak.com\/pt-pt\/solucoes\/software-cmms\">software CMMS<\/a> permite planificar e gerir todas as atividades de manuten\u00e7\u00e3o necess\u00e1rias para manter a qualidade do percurso.<\/p>\n<\/div>\n<div class=\"fusion-clearfix\"><span class=\"fusion-imageframe imageframe-none imageframe-2 hover-type-none\"><img decoding=\"async\" class=\"img-responsive wp-image-10807\" title=\"DomPedroGolf_OldCourse-06999\" src=\"http:\/\/home.infraspeak.com\/wp-content\/uploads\/2018\/08\/DomPedroGolf_OldCourse-06999-800x514.jpg\" sizes=\"(max-width: 800px) 100vw, 600px\" srcset=\"http:\/\/home.infraspeak.com\/wp-content\/uploads\/2018\/08\/DomPedroGolf_OldCourse-06999-200x128.jpg 200w, http:\/\/home.infraspeak.com\/wp-content\/uploads\/2018\/08\/DomPedroGolf_OldCourse-06999-200x128@2x.jpg 400w, http:\/\/home.infraspeak.com\/wp-content\/uploads\/2018\/08\/DomPedroGolf_OldCourse-06999-600x385.jpg 600w, http:\/\/home.infraspeak.com\/wp-content\/uploads\/2018\/08\/DomPedroGolf_OldCourse-06999-400x257@2x.jpg 800w, http:\/\/home.infraspeak.com\/wp-content\/uploads\/2018\/08\/DomPedroGolf_OldCourse-06999.jpg 900w\" alt=\"Dom Pedro The Old Course\" width=\"800\" height=\"514\" \/><\/span><\/div>\n<\/div>\n<\/div>\n<div class=\"fusion-layout-column fusion_builder_column fusion_builder_column_1_2  fusion-one-half fusion-column-first 1_2\">\n<div class=\"fusion-column-wrapper\" data-bg-url=\"\">\n<div class=\"fusion-text\">\n<h2 data-fontsize=\"18\" data-lineheight=\"27\"><a href=\"https:\/\/www.ihg.com\/intercontinental\/hotels\/pt\/pt\/porto\/prtha\/hoteldetail\"><b>Intercontinental Porto\u00a0<\/b><b>\u2013<\/b>\u00a0<b>Pal\u00e1cio das Cardosas<\/b><\/a><\/h2>\n<p>Este hotel de 5 estrelas, que consta entre os nomeados para os Travel Awards na categoria de\u00a0<strong class=\"cooper-bold\">Melhor Hotel de Cidade<\/strong>, localiza-se no centro do Porto pr\u00f3ximo de muitas das principais atra\u00e7\u00f5es tur\u00edsticas da cidade. Provido de casino, gin\u00e1sio e diversas modalidades desportivas, \u00e9 uma \u00f3tima op\u00e7\u00e3o para uma estadia relaxada sem sair do centro da cidade.<\/p>\n<\/div>\n<div class=\"fusion-clearfix\"><\/div>\n<\/div>\n<\/div>\n<div class=\"fusion-layout-column fusion_builder_column fusion_builder_column_1_2  fusion-one-half fusion-column-last 1_2\">\n<div class=\"fusion-column-wrapper\" data-bg-url=\"\"><span class=\"fusion-imageframe imageframe-none imageframe-3 hover-type-none\"><img decoding=\"async\" class=\"img-responsive\" title=\"\" src=\"http:\/\/home.infraspeak.com\/wp-content\/uploads\/2018\/08\/intercontinental-porto-4044195264-2x1-800x400.jpg\" srcset=\"http:\/\/home.infraspeak.com\/wp-content\/uploads\/2018\/08\/intercontinental-porto-4044195264-2x1-800x400.jpg, http:\/\/home.infraspeak.com\/wp-content\/uploads\/2018\/08\/intercontinental-porto-4044195264-2x1-800x400@2x.jpg 2x\" alt=\"\" width=\"\" height=\"\" \/><\/span><\/p>\n<div class=\"fusion-clearfix\"><\/div>\n<\/div>\n<\/div>\n<div class=\"fusion-layout-column fusion_builder_column fusion_builder_column_1_2  fusion-one-half fusion-column-first 1_2\">\n<div class=\"fusion-column-wrapper\" data-bg-url=\"\"><\/div>\n<\/div>\n<div class=\"fusion-layout-column fusion_builder_column fusion_builder_column_1_2  fusion-one-half fusion-column-last 1_2\">\n<div class=\"fusion-column-wrapper\" data-bg-url=\"\">\n<div class=\"fusion-text\">\n<h2 data-fontsize=\"18\" data-lineheight=\"27\"><a href=\"https:\/\/www.lufthansa.com\/online\/portal\/lh_com\/de\/homepage\"><b>Lufthansa<\/b><\/a><\/h2>\n<p>Esta empresa de avia\u00e7\u00e3o alem\u00e3, parte do Grupo Lufthansa, que inclui mais de 400 subsidi\u00e1rias \u00a0empresas associadas, est\u00e1 entre as 10 maiores companhias a\u00e9reas do mundo. Com opera\u00e7\u00f5es em Portugal e voos a partir de Lisboa, Porto, Faro, Funchal e Porto Santo, est\u00e1 agora entre os nomeados dos Travel Awards 2018 na categoria de\u00a0<strong class=\"cooper-bold\">Melhor Companhia de Avia\u00e7\u00e3o<\/strong>.<\/p>\n<\/div>\n<div class=\"fusion-clearfix\"><img decoding=\"async\" class=\"img-responsive wp-image-10814\" title=\"media_601329228\" src=\"http:\/\/home.infraspeak.com\/wp-content\/uploads\/2018\/08\/media_601329228-800x313.jpg\" sizes=\"(max-width: 800px) 100vw, 600px\" srcset=\"http:\/\/home.infraspeak.com\/wp-content\/uploads\/2018\/08\/media_601329228-200x78.jpg 200w, http:\/\/home.infraspeak.com\/wp-content\/uploads\/2018\/08\/media_601329228-200x78@2x.jpg 400w, http:\/\/home.infraspeak.com\/wp-content\/uploads\/2018\/08\/media_601329228-600x235.jpg 600w, http:\/\/home.infraspeak.com\/wp-content\/uploads\/2018\/08\/media_601329228-400x157@2x.jpg 800w, http:\/\/home.infraspeak.com\/wp-content\/uploads\/2018\/08\/media_601329228-600x235@2x.jpg 1200w, http:\/\/home.infraspeak.com\/wp-content\/uploads\/2018\/08\/media_601329228.jpg 1440w\" alt=\"\" width=\"800\" height=\"313\" \/><\/div>\n<\/div>\n<\/div>\n<div class=\"fusion-layout-column fusion_builder_column fusion_builder_column_1_2  fusion-one-half fusion-column-first 1_2\">\n<div class=\"fusion-column-wrapper\" data-bg-url=\"\">\n<div class=\"fusion-text\">\n<h2 data-fontsize=\"18\" data-lineheight=\"27\"><a href=\"https:\/\/as1829.luxhotels.pt\/\"><b>Porto A.S. 1829<\/b><\/a><\/h2>\n<p>Este hotel localizado no centro da cidade do Porto, entre a Avenida dos Aliados e a Ribeira, est\u00e1 nomeado para o pr\u00e9mio Publituris de\u00a0<strong class=\"cooper-bold\">Melhor Hotel de 4 estrelas<\/strong>. O seu nome faz refer\u00eancia \u00e0 hist\u00f3rica Papelaria Ara\u00fajo e Sobrinho, com atividade no local desde 1829 e \u00e0 qual o Hotel trouxe uma nova vida.<\/p>\n<p>Faz parte do Grupo Lux Hotels, grupo que conta com 8 hot\u00e9is de 4 e 5 estrelas em Portugal.<\/p>\n<p>Grupos hoteleiros como o Lux Hotels devem assegurar o cumprimento rigoroso de todas as regulamenta\u00e7\u00f5es do setor, sendo que <a href=\"https:\/\/infraspeak.com\/pt-pt\/plataforma\/software-gestao-compliance\">software gest\u00e3o de compliance<\/a> facilita a monitoriza\u00e7\u00e3o e documenta\u00e7\u00e3o de todos os procedimentos necess\u00e1rios em m\u00faltiplas propriedades.<\/p>\n<\/div>\n<div class=\"fusion-clearfix\"><\/div>\n<\/div>\n<\/div>\n<div class=\"fusion-layout-column fusion_builder_column fusion_builder_column_1_2  fusion-one-half fusion-column-last 1_2\">\n<div class=\"fusion-column-wrapper\" data-bg-url=\"\"><span class=\"fusion-imageframe imageframe-none imageframe-5 hover-type-none\"><img loading=\"lazy\" decoding=\"async\" class=\"img-responsive wp-image-10815\" title=\"ASPorto-Convida-2017-010\" src=\"http:\/\/home.infraspeak.com\/wp-content\/uploads\/2018\/08\/ASPorto-Convida-2017-010-600x378.jpg\" sizes=\"(max-width: 800px) 100vw, 600px\" srcset=\"http:\/\/home.infraspeak.com\/wp-content\/uploads\/2018\/08\/ASPorto-Convida-2017-010-200x126.jpg 200w, http:\/\/home.infraspeak.com\/wp-content\/uploads\/2018\/08\/ASPorto-Convida-2017-010-200x126@2x.jpg 400w, http:\/\/home.infraspeak.com\/wp-content\/uploads\/2018\/08\/ASPorto-Convida-2017-010-600x378.jpg 600w, http:\/\/home.infraspeak.com\/wp-content\/uploads\/2018\/08\/ASPorto-Convida-2017-010.jpg 635w\" alt=\"Porto AS 1829\" width=\"600\" height=\"378\" \/><\/span><\/p>\n<div class=\"fusion-clearfix\"><\/div>\n<\/div>\n<\/div>\n<div class=\"fusion-layout-column fusion_builder_column fusion_builder_column_1_2  fusion-one-half fusion-column-first 1_2\">\n<div class=\"fusion-column-wrapper\" data-bg-url=\"\"><\/div>\n<\/div>\n<div class=\"fusion-layout-column fusion_builder_column fusion_builder_column_1_2  fusion-one-half fusion-column-last 1_2\">\n<div class=\"fusion-column-wrapper\" data-bg-url=\"\">\n<div class=\"fusion-text\">\n<h2 data-fontsize=\"18\" data-lineheight=\"27\"><a href=\"https:\/\/www.portobay.com\/pt\/hoteis\/portugal\/ilha-da-madeira-portugal\/the-cliff-bay\/\"><b>The Cliff Bay (PortoBay Hotels &amp; Resorts)<\/b><\/a><\/h2>\n<p>Com origem na Ilha da Madeira em 1988, o Grupo PortoBay \u00e9 agora respons\u00e1vel pela gest\u00e3o de 12 unidades hoteleiras em Portugal e no Brasil, nos segmentos de 4 e 5 estrelas, todos diferentes em termos de conceito, mas todos com a garantia de qualidade de instala\u00e7\u00f5es e servi\u00e7o da PortoBay. Assim, o grupo est\u00e1 tamb\u00e9m entre os nomeados na categoria de\u00a0<strong class=\"cooper-bold\">Melhor Cadeia Hoteleira.<\/strong><\/p>\n<p>Mais do que isso, tem dos seus hot\u00e9is tamb\u00e9<\/p>\n<p>m nomeado noutra categoria: neste caso, o\u00a0<b>The Cliff Bay<\/b>, no Funchal, na categoria de\u00a0<strong class=\"cooper-bold\">Melhor Hotel de Cinco Estrelas<\/strong>.<\/p>\n<p>A gest\u00e3o de grupos hoteleiros com m\u00faltiplas unidades como o PortoBay beneficia significativamente de <a href=\"https:\/\/infraspeak.com\/pt-pt\/solucoes\/field-service-management-software\">software field service management<\/a> para coordenar eficientemente as equipas t\u00e9cnicas nas diferentes propriedades em Portugal e no Brasil.<\/p>\n<\/div>\n<div class=\"fusion-clearfix\"><img loading=\"lazy\" decoding=\"async\" class=\"img-responsive wp-image-10822\" title=\"cliff_bay\" src=\"http:\/\/home.infraspeak.com\/wp-content\/uploads\/2018\/08\/cliff_bay-800x571.jpg\" sizes=\"(max-width: 800px) 100vw, 600px\" srcset=\"http:\/\/home.infraspeak.com\/wp-content\/uploads\/2018\/08\/cliff_bay-200x143.jpg 200w, http:\/\/home.infraspeak.com\/wp-content\/uploads\/2018\/08\/cliff_bay-200x143@2x.jpg 400w, http:\/\/home.infraspeak.com\/wp-content\/uploads\/2018\/08\/cliff_bay-600x428.jpg 600w, http:\/\/home.infraspeak.com\/wp-content\/uploads\/2018\/08\/cliff_bay-400x285@2x.jpg 800w, http:\/\/home.infraspeak.com\/wp-content\/uploads\/2018\/08\/cliff_bay-600x428@2x.jpg 1200w, http:\/\/home.infraspeak.com\/wp-content\/uploads\/2018\/08\/cliff_bay.jpg 1261w\" alt=\"The Cliff Bay\" width=\"800\" height=\"571\" \/><\/div>\n<\/div>\n<\/div>\n<div class=\"fusion-layout-column fusion_builder_column fusion_builder_column_1_2  fusion-one-half fusion-column-first 1_2\">\n<div class=\"fusion-column-wrapper\" data-bg-url=\"\">\n<div class=\"fusion-text\">\n<h2 data-fontsize=\"18\" data-lineheight=\"27\"><a href=\"http:\/\/www.savoyresorts.com\/savoysaccharum\/en\/home\"><b>Savoy Saccharum Resort &amp; Spa<\/b><\/a><\/h2>\n<p>Vindo de Calheta, na Ilha da Madeira, o Savoy Saccharum est\u00e1 entre os sete nomeados para os Publituris Travel Awards na categoria de\u00a0<strong class=\"cooper-bold\">Melhor Hotel Resort\u00a0de Portugal\u00a0<\/strong>e n\u00e3o \u00e9 por acaso.<\/p>\n<p>Este resort de 5 estrelas e 243 quartos permite aos h\u00f3spedes aproveitar os ares da montanha e o Oceano Atl\u00e2ntico em simult\u00e2neo, o que, aliado \u00e0 excecional arquitetura, faz deste um espa\u00e7o de grande luxo, qualidade e conforto.<\/p>\n<\/div>\n<div class=\"fusion-clearfix\"><\/div>\n<\/div>\n<\/div>\n<div class=\"fusion-layout-column fusion_builder_column fusion_builder_column_1_2  fusion-one-half fusion-column-last 1_2\">\n<div class=\"fusion-column-wrapper\" data-bg-url=\"\"><span class=\"fusion-imageframe imageframe-none imageframe-7 hover-type-none\"><img loading=\"lazy\" decoding=\"async\" class=\"img-responsive wp-image-10823\" title=\"saccharum\" src=\"http:\/\/home.infraspeak.com\/wp-content\/uploads\/2018\/08\/saccharum-800x600.jpg\" sizes=\"(max-width: 800px) 100vw, 600px\" srcset=\"http:\/\/home.infraspeak.com\/wp-content\/uploads\/2018\/08\/saccharum-200x150.jpg 200w, http:\/\/home.infraspeak.com\/wp-content\/uploads\/2018\/08\/saccharum-200x150@2x.jpg 400w, http:\/\/home.infraspeak.com\/wp-content\/uploads\/2018\/08\/saccharum-600x450.jpg 600w, http:\/\/home.infraspeak.com\/wp-content\/uploads\/2018\/08\/saccharum-400x300@2x.jpg 800w, http:\/\/home.infraspeak.com\/wp-content\/uploads\/2018\/08\/saccharum-600x450@2x.jpg 1200w, http:\/\/home.infraspeak.com\/wp-content\/uploads\/2018\/08\/saccharum-800x600@2x.jpg 1600w\" alt=\"Savoy Saccharum\" width=\"800\" height=\"600\" \/><\/span><\/p>\n<div class=\"fusion-clearfix\"><\/div>\n<\/div>\n<\/div>\n<div class=\"fusion-layout-column fusion_builder_column fusion_builder_column_1_2  fusion-one-half fusion-column-first 1_2\">\n<div class=\"fusion-column-wrapper\" data-bg-url=\"\"><\/div>\n<\/div>\n<div class=\"fusion-layout-column fusion_builder_column fusion_builder_column_1_2  fusion-one-half fusion-column-last 1_2\">\n<div class=\"fusion-column-wrapper\" data-bg-url=\"\">\n<div class=\"fusion-text\">\n<h2 data-fontsize=\"18\" data-lineheight=\"27\"><a href=\"https:\/\/www.marriott.pt\/hotels\/travel\/oposi-sheraton-porto-hotel-and-spa\/\"><b>Sheraton Porto Hotel &amp; Spa<\/b><\/a><\/h2>\n<p>Localizado na zona empresarial da cidade do Porto, e n\u00e3o muito longe do seu centro hist\u00f3rico, o Sheraton Porto disp\u00f5e de 1.750 metros quadrados de reuni\u00e3o no interior e cerca de 4.000 metros quadrados para organiza\u00e7\u00e3o de eventos no exterior.<\/p>\n<p>Al\u00e9m da enorme aptid\u00e3o para reuni\u00f5es e eventos, o Sheraton Porto oferece ainda um Spa, o que o torna num excelente espa\u00e7o de lazer e relaxamento. Como tal, n\u00e3o \u00e9 de estranhar que seja mais um nomeado na categoria de\u00a0<strong class=\"cooper-bold\">Melhor Hotel MICE<\/strong>.<\/p>\n<p>Hot\u00e9is com extensas facilidades para eventos como o Sheraton Porto requerem uma gest\u00e3o eficiente de recursos e invent\u00e1rio, onde solu\u00e7\u00f5es como <a href=\"https:\/\/infraspeak.com\/pt-pt\/solucoes\/software-gestao-stocks\">software gest\u00e3o de stocks<\/a> se tornam essenciais para o sucesso das opera\u00e7\u00f5es de eventos e reuni\u00f5es.<\/p>\n<\/div>\n<div class=\"fusion-clearfix\"><img loading=\"lazy\" decoding=\"async\" class=\"img-responsive wp-image-10824\" title=\"hotel-sheraton-porto-spa-exterior-463319f\" src=\"http:\/\/home.infraspeak.com\/wp-content\/uploads\/2018\/08\/hotel-sheraton-porto-spa-exterior-463319f-800x525.jpg\" sizes=\"(max-width: 800px) 100vw, 600px\" srcset=\"http:\/\/home.infraspeak.com\/wp-content\/uploads\/2018\/08\/hotel-sheraton-porto-spa-exterior-463319f-200x131.jpg 200w, http:\/\/home.infraspeak.com\/wp-content\/uploads\/2018\/08\/hotel-sheraton-porto-spa-exterior-463319f-200x131@2x.jpg 400w, http:\/\/home.infraspeak.com\/wp-content\/uploads\/2018\/08\/hotel-sheraton-porto-spa-exterior-463319f-600x394.jpg 600w, http:\/\/home.infraspeak.com\/wp-content\/uploads\/2018\/08\/hotel-sheraton-porto-spa-exterior-463319f-400x262@2x.jpg 800w, http:\/\/home.infraspeak.com\/wp-content\/uploads\/2018\/08\/hotel-sheraton-porto-spa-exterior-463319f.jpg 1000w\" alt=\"\" width=\"800\" height=\"525\" \/><\/div>\n<\/div>\n<\/div>\n<div class=\"fusion-layout-column fusion_builder_column fusion_builder_column_1_2  fusion-one-half fusion-column-first 1_2\">\n<div class=\"fusion-column-wrapper\" data-bg-url=\"\">\n<div class=\"fusion-text\">\n<h2 data-fontsize=\"18\" data-lineheight=\"27\"><a href=\"https:\/\/pt.sixsenses.com\/resorts\/douro-valley\/destination\"><b>Six Senses Douro Valley<\/b><\/a><\/h2>\n<p>Situado em pleno vale do Rio Douro, o Six Senses Douro Valley encontra-se numa quinta do s\u00e9culo XIX e oferece quartos, suites e villas, bem como um spa, restaurantes e uma horta org\u00e2nica. Disp\u00f5e tamb\u00e9m de variadas experi\u00eancias \u00fanicas, incluindo cruzeiros no Rio Douro, cursos sobre vinhos do Douro e Porto ou visitas guiadas a quintas hist\u00f3ricas.<\/p>\n<p>\u00c9 mais um dos nomeados na categoria de\u00a0<strong class=\"cooper-bold\">Melhor Hotel de 5 estrelas<\/strong>.<\/p>\n<\/div>\n<div class=\"fusion-clearfix\"><\/div>\n<\/div>\n<\/div>\n<div class=\"fusion-layout-column fusion_builder_column fusion_builder_column_1_2  fusion-one-half fusion-column-last 1_2\">\n<div class=\"fusion-column-wrapper\" data-bg-url=\"\"><span class=\"fusion-imageframe imageframe-none imageframe-9 hover-type-none\"><img loading=\"lazy\" decoding=\"async\" class=\"img-responsive wp-image-10825\" title=\"Six Senses Douro\" src=\"http:\/\/home.infraspeak.com\/wp-content\/uploads\/2018\/08\/Six-Senses-Douro-600x360.jpg\" sizes=\"(max-width: 800px) 100vw, 600px\" srcset=\"http:\/\/home.infraspeak.com\/wp-content\/uploads\/2018\/08\/Six-Senses-Douro-200x120.jpg 200w, http:\/\/home.infraspeak.com\/wp-content\/uploads\/2018\/08\/Six-Senses-Douro-200x120@2x.jpg 400w, http:\/\/home.infraspeak.com\/wp-content\/uploads\/2018\/08\/Six-Senses-Douro-600x360.jpg 600w, http:\/\/home.infraspeak.com\/wp-content\/uploads\/2018\/08\/Six-Senses-Douro.jpg 780w\" alt=\"Six Senses Douro\" width=\"600\" height=\"360\" \/><\/span><\/p>\n<div class=\"fusion-clearfix\"><\/div>\n<\/div>\n<\/div>\n<div class=\"fusion-layout-column fusion_builder_column fusion_builder_column_1_2  fusion-one-half fusion-column-first 1_2\">\n<div class=\"fusion-column-wrapper\" data-bg-url=\"\"><\/div>\n<\/div>\n<div class=\"fusion-layout-column fusion_builder_column fusion_builder_column_1_2  fusion-one-half fusion-column-last 1_2\">\n<div class=\"fusion-column-wrapper\" data-bg-url=\"\">\n<div class=\"fusion-text\">\n<h2 data-fontsize=\"18\" data-lineheight=\"27\"><a href=\"https:\/\/www.vilagale.com\/pt\/hoteis\/alentejo\/vila-gale-clube-de-campo\"><b>Vila Gal\u00e9 Clube de Campo<\/b><\/a><\/h2>\n<p>Um dos principais grupos hoteleiros portugueses, o\u00a0<a href=\"https:\/\/www.vilagale.com\/pt\">Grupo Vila Gal\u00e9<\/a>\u00a0\u00e9 respons\u00e1vel pela gest\u00e3o de 31 unidades hoteleiras em Portugal e no Brasil. Entre elas est\u00e1 o Vila Gal\u00e9 Clube de Campo, em Beja, que oferece um conceito \u00fanico que incorpora turismo rural, enoturismo e ecoturismo, tendo a sua abertura marcado a entrada do\u00a0<b>Grupo Vila Gal\u00e9<\/b>\u00a0na \u00e1rea da produ\u00e7\u00e3o de azeites e vinhos, que \u00e9 poss\u00edvel provar durante uma estadia neste hotel.<\/p>\n<p>A gest\u00e3o integrada de facilities e ativos em grupos hoteleiros de grande dimens\u00e3o como o Vila Gal\u00e9 \u00e9 facilitada atrav\u00e9s de <a href=\"https:\/\/infraspeak.com\/pt-pt\/solucoes\/software-cafm\">software CAFM<\/a> que centraliza todas as opera\u00e7\u00f5es de manuten\u00e7\u00e3o das 31 unidades hoteleiras do grupo.<\/p>\n<p>Nos Publituris Travel Awards de 2018, o Vila Gal\u00e9 Clube de Campo est\u00e1 entre os sete nomeados na categoria de\u00a0<strong class=\"cooper-bold\">Melhor Family Resort Hotel<\/strong>. Mas h\u00e1 mais: tal como o PortoBay, o Grupo Vila Gal\u00e9 est\u00e1 tamb\u00e9m nomeado na categoria de \u00a0<strong class=\"cooper-bold\">Melhor Cadeia Hoteleira<\/strong>\u00a0de Portugal.<\/p>\n<\/div>\n<div class=\"fusion-clearfix\"><img loading=\"lazy\" decoding=\"async\" class=\"img-responsive wp-image-10826\" title=\"VG_clube_de_campo\" src=\"http:\/\/home.infraspeak.com\/wp-content\/uploads\/2018\/08\/VG_clube_de_campo-800x533.jpg\" sizes=\"(max-width: 800px) 100vw, 600px\" srcset=\"http:\/\/home.infraspeak.com\/wp-content\/uploads\/2018\/08\/VG_clube_de_campo-200x133.jpg 200w, http:\/\/home.infraspeak.com\/wp-content\/uploads\/2018\/08\/VG_clube_de_campo-200x133@2x.jpg 400w, http:\/\/home.infraspeak.com\/wp-content\/uploads\/2018\/08\/VG_clube_de_campo-600x400.jpg 600w, http:\/\/home.infraspeak.com\/wp-content\/uploads\/2018\/08\/VG_clube_de_campo-400x267@2x.jpg 800w, http:\/\/home.infraspeak.com\/wp-content\/uploads\/2018\/08\/VG_clube_de_campo-600x400@2x.jpg 1200w, http:\/\/home.infraspeak.com\/wp-content\/uploads\/2018\/08\/VG_clube_de_campo.jpg 1280w\" alt=\"Vila Gal\u00e9 Clube de Campo\" width=\"800\" height=\"533\" \/><\/div>\n<\/div>\n<\/div>\n<div class=\"fusion-layout-column fusion_builder_column fusion_builder_column_1_1  fusion-one-full fusion-column-first fusion-column-last 1_1\">\n<div class=\"fusion-column-wrapper\" data-bg-url=\"\">\n<div class=\"fusion-text\">\n<p>\u00c9 um prazer, da nossa parte, ter tantos membros da fam\u00edlia Infraspeak nomeados para estes prestigiados pr\u00e9mios. Apelamos ao voto pelos mesmos nas respetivas categorias\u00a0<a href=\"http:\/\/premios.publituris.pt\/travel_2018\/\">no site oficial dos pr\u00e9mios<\/a>\u00a0e esperamos partilhar uma lista ainda maior na edi\u00e7\u00e3o de 2019.<\/p>\n<\/div>\n<\/div>\n<\/div>\n","protected":false},"excerpt":{"rendered":"<p>Os Publituris Portugal Travel Awards 2018 est\u00e3o a\u00ed. Entre os nomeados, est\u00e3o v\u00e1rios que utilizam o Infraspeak para gest\u00e3o das suas opera\u00e7\u00f5es. Saiba quais.<\/p>\n","protected":false},"author":54,"featured_media":923,"comment_status":"open","ping_status":"open","sticky":false,"template":"","format":"standard","meta":{"content-type":"","footnotes":"","_wp_rev_ctl_limit":""},"categories":[334],"tags":[199,200],"class_list":["post-922","post","type-post","status-publish","format-standard","has-post-thumbnail","hentry","category-plataforma","tag-clientes","tag-publituris"],"yoast_head":"<!-- This site is optimized with the Yoast SEO plugin v27.3 - https:\/\/yoast.com\/product\/yoast-seo-wordpress\/ -->\n<title>Conhe\u00e7a os 10 clientes Infraspeak nomeados para os Travel Awards 2018 &#8226; Infraspeak Blog<\/title>\n<meta name=\"description\" content=\"Os Publituris Portugal Travel Awards 2018 est\u00e3o a\u00ed. Entre os nomeados, est\u00e3o v\u00e1rios que utilizam o Infraspeak para gest\u00e3o das suas opera\u00e7\u00f5es. Saiba quais.\" \/>\n<meta name=\"robots\" content=\"index, follow, max-snippet:-1, max-image-preview:large, max-video-preview:-1\" \/>\n<link rel=\"canonical\" href=\"https:\/\/blog.infraspeak.com\/pt-pt\/conheca-os-10-clientes-infraspeak-nomeados-para-os-travel-awards-2018\/\" \/>\n<meta property=\"og:locale\" content=\"pt_PT\" \/>\n<meta property=\"og:type\" content=\"article\" \/>\n<meta property=\"og:title\" content=\"Conhe\u00e7a os 10 clientes Infraspeak nomeados para os Travel Awards 2018 &#8226; Infraspeak Blog\" \/>\n<meta property=\"og:description\" content=\"Os Publituris Portugal Travel Awards 2018 est\u00e3o a\u00ed. Entre os nomeados, est\u00e3o v\u00e1rios que utilizam o Infraspeak para gest\u00e3o das suas opera\u00e7\u00f5es. Saiba quais.\" \/>\n<meta property=\"og:url\" content=\"https:\/\/blog.infraspeak.com\/pt-pt\/conheca-os-10-clientes-infraspeak-nomeados-para-os-travel-awards-2018\/\" \/>\n<meta property=\"og:site_name\" content=\"Infraspeak Blog\" \/>\n<meta property=\"article:publisher\" content=\"https:\/\/www.facebook.com\/infraspeakmaintenance\" \/>\n<meta property=\"article:published_time\" content=\"2018-08-31T19:11:15+00:00\" \/>\n<meta property=\"article:modified_time\" content=\"2026-04-02T18:41:18+00:00\" \/>\n<meta property=\"og:image\" content=\"https:\/\/blog.infraspeak.com\/wp-content\/uploads\/2019\/01\/saccharum-600x450.jpg\" \/>\n\t<meta property=\"og:image:width\" content=\"600\" \/>\n\t<meta property=\"og:image:height\" content=\"450\" \/>\n\t<meta property=\"og:image:type\" content=\"image\/jpeg\" \/>\n<meta name=\"author\" content=\"Infraspeak Team\" \/>\n<meta name=\"twitter:card\" content=\"summary_large_image\" \/>\n<meta name=\"twitter:creator\" content=\"@infraspeak\" \/>\n<meta name=\"twitter:site\" content=\"@infraspeak\" \/>\n<meta name=\"twitter:label1\" content=\"Escrito por\" \/>\n\t<meta name=\"twitter:data1\" content=\"Infraspeak Team\" \/>\n\t<meta name=\"twitter:label2\" content=\"Tempo estimado de leitura\" \/>\n\t<meta name=\"twitter:data2\" content=\"7 minutos\" \/>\n<script type=\"application\/ld+json\" class=\"yoast-schema-graph\">{\"@context\":\"https:\\\/\\\/schema.org\",\"@graph\":[{\"@type\":\"Article\",\"@id\":\"https:\\\/\\\/blog.infraspeak.com\\\/pt-pt\\\/conheca-os-10-clientes-infraspeak-nomeados-para-os-travel-awards-2018\\\/#article\",\"isPartOf\":{\"@id\":\"https:\\\/\\\/blog.infraspeak.com\\\/pt-pt\\\/conheca-os-10-clientes-infraspeak-nomeados-para-os-travel-awards-2018\\\/\"},\"author\":{\"name\":\"Infraspeak Team\",\"@id\":\"https:\\\/\\\/blog.infraspeak.com\\\/pt-pt\\\/#\\\/schema\\\/person\\\/b53887f01881a658b4cc1bf25f2d4377\"},\"headline\":\"Conhe\u00e7a os 10 clientes Infraspeak nomeados para os Travel Awards 2018\",\"datePublished\":\"2018-08-31T19:11:15+00:00\",\"dateModified\":\"2026-04-02T18:41:18+00:00\",\"mainEntityOfPage\":{\"@id\":\"https:\\\/\\\/blog.infraspeak.com\\\/pt-pt\\\/conheca-os-10-clientes-infraspeak-nomeados-para-os-travel-awards-2018\\\/\"},\"wordCount\":1320,\"commentCount\":0,\"publisher\":{\"@id\":\"https:\\\/\\\/blog.infraspeak.com\\\/pt-pt\\\/#organization\"},\"image\":{\"@id\":\"https:\\\/\\\/blog.infraspeak.com\\\/pt-pt\\\/conheca-os-10-clientes-infraspeak-nomeados-para-os-travel-awards-2018\\\/#primaryimage\"},\"thumbnailUrl\":\"https:\\\/\\\/blog.infraspeak.com\\\/wp-content\\\/uploads\\\/2019\\\/01\\\/saccharum-600x450.jpg\",\"keywords\":[\"clientes\",\"publituris\"],\"articleSection\":[\"Infraspeak\"],\"inLanguage\":\"pt-PT\"},{\"@type\":\"WebPage\",\"@id\":\"https:\\\/\\\/blog.infraspeak.com\\\/pt-pt\\\/conheca-os-10-clientes-infraspeak-nomeados-para-os-travel-awards-2018\\\/\",\"url\":\"https:\\\/\\\/blog.infraspeak.com\\\/pt-pt\\\/conheca-os-10-clientes-infraspeak-nomeados-para-os-travel-awards-2018\\\/\",\"name\":\"Conhe\u00e7a os 10 clientes Infraspeak nomeados para os Travel Awards 2018 &#8226; Infraspeak Blog\",\"isPartOf\":{\"@id\":\"https:\\\/\\\/blog.infraspeak.com\\\/pt-pt\\\/#website\"},\"primaryImageOfPage\":{\"@id\":\"https:\\\/\\\/blog.infraspeak.com\\\/pt-pt\\\/conheca-os-10-clientes-infraspeak-nomeados-para-os-travel-awards-2018\\\/#primaryimage\"},\"image\":{\"@id\":\"https:\\\/\\\/blog.infraspeak.com\\\/pt-pt\\\/conheca-os-10-clientes-infraspeak-nomeados-para-os-travel-awards-2018\\\/#primaryimage\"},\"thumbnailUrl\":\"https:\\\/\\\/blog.infraspeak.com\\\/wp-content\\\/uploads\\\/2019\\\/01\\\/saccharum-600x450.jpg\",\"datePublished\":\"2018-08-31T19:11:15+00:00\",\"dateModified\":\"2026-04-02T18:41:18+00:00\",\"description\":\"Os Publituris Portugal Travel Awards 2018 est\u00e3o a\u00ed. Entre os nomeados, est\u00e3o v\u00e1rios que utilizam o Infraspeak para gest\u00e3o das suas opera\u00e7\u00f5es. Saiba quais.\",\"breadcrumb\":{\"@id\":\"https:\\\/\\\/blog.infraspeak.com\\\/pt-pt\\\/conheca-os-10-clientes-infraspeak-nomeados-para-os-travel-awards-2018\\\/#breadcrumb\"},\"inLanguage\":\"pt-PT\",\"potentialAction\":[{\"@type\":\"ReadAction\",\"target\":[\"https:\\\/\\\/blog.infraspeak.com\\\/pt-pt\\\/conheca-os-10-clientes-infraspeak-nomeados-para-os-travel-awards-2018\\\/\"]}]},{\"@type\":\"ImageObject\",\"inLanguage\":\"pt-PT\",\"@id\":\"https:\\\/\\\/blog.infraspeak.com\\\/pt-pt\\\/conheca-os-10-clientes-infraspeak-nomeados-para-os-travel-awards-2018\\\/#primaryimage\",\"url\":\"https:\\\/\\\/blog.infraspeak.com\\\/wp-content\\\/uploads\\\/2019\\\/01\\\/saccharum-600x450.jpg\",\"contentUrl\":\"https:\\\/\\\/blog.infraspeak.com\\\/wp-content\\\/uploads\\\/2019\\\/01\\\/saccharum-600x450.jpg\",\"width\":600,\"height\":450},{\"@type\":\"BreadcrumbList\",\"@id\":\"https:\\\/\\\/blog.infraspeak.com\\\/pt-pt\\\/conheca-os-10-clientes-infraspeak-nomeados-para-os-travel-awards-2018\\\/#breadcrumb\",\"itemListElement\":[{\"@type\":\"ListItem\",\"position\":1,\"name\":\"Home\",\"item\":\"https:\\\/\\\/blog.infraspeak.com\\\/\"},{\"@type\":\"ListItem\",\"position\":2,\"name\":\"Conhe\u00e7a os 10 clientes Infraspeak nomeados para os Travel Awards 2018\"}]},{\"@type\":\"WebSite\",\"@id\":\"https:\\\/\\\/blog.infraspeak.com\\\/pt-pt\\\/#website\",\"url\":\"https:\\\/\\\/blog.infraspeak.com\\\/pt-pt\\\/\",\"name\":\"Infraspeak Blog\",\"description\":\"All About Maintenance and Facilities Management\",\"publisher\":{\"@id\":\"https:\\\/\\\/blog.infraspeak.com\\\/pt-pt\\\/#organization\"},\"potentialAction\":[{\"@type\":\"SearchAction\",\"target\":{\"@type\":\"EntryPoint\",\"urlTemplate\":\"https:\\\/\\\/blog.infraspeak.com\\\/pt-pt\\\/?s={search_term_string}\"},\"query-input\":{\"@type\":\"PropertyValueSpecification\",\"valueRequired\":true,\"valueName\":\"search_term_string\"}}],\"inLanguage\":\"pt-PT\"},{\"@type\":\"Organization\",\"@id\":\"https:\\\/\\\/blog.infraspeak.com\\\/pt-pt\\\/#organization\",\"name\":\"Infraspeak\",\"url\":\"https:\\\/\\\/blog.infraspeak.com\\\/pt-pt\\\/\",\"logo\":{\"@type\":\"ImageObject\",\"inLanguage\":\"pt-PT\",\"@id\":\"https:\\\/\\\/blog.infraspeak.com\\\/pt-pt\\\/#\\\/schema\\\/logo\\\/image\\\/\",\"url\":\"https:\\\/\\\/blog.infraspeak.com\\\/wp-content\\\/uploads\\\/2018\\\/11\\\/is-logo@2x.png\",\"contentUrl\":\"https:\\\/\\\/blog.infraspeak.com\\\/wp-content\\\/uploads\\\/2018\\\/11\\\/is-logo@2x.png\",\"width\":544,\"height\":180,\"caption\":\"Infraspeak\"},\"image\":{\"@id\":\"https:\\\/\\\/blog.infraspeak.com\\\/pt-pt\\\/#\\\/schema\\\/logo\\\/image\\\/\"},\"sameAs\":[\"https:\\\/\\\/www.facebook.com\\\/infraspeakmaintenance\",\"https:\\\/\\\/x.com\\\/infraspeak\",\"https:\\\/\\\/www.instagram.com\\\/infraspeak\\\/\",\"http:\\\/\\\/www.linkedin.com\\\/company\\\/infraspeak\",\"https:\\\/\\\/www.youtube.com\\\/channel\\\/UCOdjKyhSD9RJbRhuP-S8Avw\"]},{\"@type\":\"Person\",\"@id\":\"https:\\\/\\\/blog.infraspeak.com\\\/pt-pt\\\/#\\\/schema\\\/person\\\/b53887f01881a658b4cc1bf25f2d4377\",\"name\":\"Infraspeak Team\",\"image\":{\"@type\":\"ImageObject\",\"inLanguage\":\"pt-PT\",\"@id\":\"https:\\\/\\\/blog.infraspeak.com\\\/wp-content\\\/uploads\\\/2023\\\/02\\\/296167549_2627985274000609_8314221938057526692_n-120x120.jpg\",\"url\":\"https:\\\/\\\/blog.infraspeak.com\\\/wp-content\\\/uploads\\\/2023\\\/02\\\/296167549_2627985274000609_8314221938057526692_n-120x120.jpg\",\"contentUrl\":\"https:\\\/\\\/blog.infraspeak.com\\\/wp-content\\\/uploads\\\/2023\\\/02\\\/296167549_2627985274000609_8314221938057526692_n-120x120.jpg\",\"caption\":\"Infraspeak Team\"},\"url\":\"https:\\\/\\\/blog.infraspeak.com\\\/pt-pt\\\/author\\\/infraspeakteam\\\/\"}]}<\/script>\n<!-- \/ Yoast SEO plugin. -->","yoast_head_json":{"title":"Conhe\u00e7a os 10 clientes Infraspeak nomeados para os Travel Awards 2018 &#8226; Infraspeak Blog","description":"Os Publituris Portugal Travel Awards 2018 est\u00e3o a\u00ed. Entre os nomeados, est\u00e3o v\u00e1rios que utilizam o Infraspeak para gest\u00e3o das suas opera\u00e7\u00f5es. Saiba quais.","robots":{"index":"index","follow":"follow","max-snippet":"max-snippet:-1","max-image-preview":"max-image-preview:large","max-video-preview":"max-video-preview:-1"},"canonical":"https:\/\/blog.infraspeak.com\/pt-pt\/conheca-os-10-clientes-infraspeak-nomeados-para-os-travel-awards-2018\/","og_locale":"pt_PT","og_type":"article","og_title":"Conhe\u00e7a os 10 clientes Infraspeak nomeados para os Travel Awards 2018 &#8226; Infraspeak Blog","og_description":"Os Publituris Portugal Travel Awards 2018 est\u00e3o a\u00ed. Entre os nomeados, est\u00e3o v\u00e1rios que utilizam o Infraspeak para gest\u00e3o das suas opera\u00e7\u00f5es. Saiba quais.","og_url":"https:\/\/blog.infraspeak.com\/pt-pt\/conheca-os-10-clientes-infraspeak-nomeados-para-os-travel-awards-2018\/","og_site_name":"Infraspeak Blog","article_publisher":"https:\/\/www.facebook.com\/infraspeakmaintenance","article_published_time":"2018-08-31T19:11:15+00:00","article_modified_time":"2026-04-02T18:41:18+00:00","og_image":[{"width":600,"height":450,"url":"https:\/\/blog.infraspeak.com\/wp-content\/uploads\/2019\/01\/saccharum-600x450.jpg","type":"image\/jpeg"}],"author":"Infraspeak Team","twitter_card":"summary_large_image","twitter_creator":"@infraspeak","twitter_site":"@infraspeak","twitter_misc":{"Escrito por":"Infraspeak Team","Tempo estimado de leitura":"7 minutos"},"schema":{"@context":"https:\/\/schema.org","@graph":[{"@type":"Article","@id":"https:\/\/blog.infraspeak.com\/pt-pt\/conheca-os-10-clientes-infraspeak-nomeados-para-os-travel-awards-2018\/#article","isPartOf":{"@id":"https:\/\/blog.infraspeak.com\/pt-pt\/conheca-os-10-clientes-infraspeak-nomeados-para-os-travel-awards-2018\/"},"author":{"name":"Infraspeak Team","@id":"https:\/\/blog.infraspeak.com\/pt-pt\/#\/schema\/person\/b53887f01881a658b4cc1bf25f2d4377"},"headline":"Conhe\u00e7a os 10 clientes Infraspeak nomeados para os Travel Awards 2018","datePublished":"2018-08-31T19:11:15+00:00","dateModified":"2026-04-02T18:41:18+00:00","mainEntityOfPage":{"@id":"https:\/\/blog.infraspeak.com\/pt-pt\/conheca-os-10-clientes-infraspeak-nomeados-para-os-travel-awards-2018\/"},"wordCount":1320,"commentCount":0,"publisher":{"@id":"https:\/\/blog.infraspeak.com\/pt-pt\/#organization"},"image":{"@id":"https:\/\/blog.infraspeak.com\/pt-pt\/conheca-os-10-clientes-infraspeak-nomeados-para-os-travel-awards-2018\/#primaryimage"},"thumbnailUrl":"https:\/\/blog.infraspeak.com\/wp-content\/uploads\/2019\/01\/saccharum-600x450.jpg","keywords":["clientes","publituris"],"articleSection":["Infraspeak"],"inLanguage":"pt-PT"},{"@type":"WebPage","@id":"https:\/\/blog.infraspeak.com\/pt-pt\/conheca-os-10-clientes-infraspeak-nomeados-para-os-travel-awards-2018\/","url":"https:\/\/blog.infraspeak.com\/pt-pt\/conheca-os-10-clientes-infraspeak-nomeados-para-os-travel-awards-2018\/","name":"Conhe\u00e7a os 10 clientes Infraspeak nomeados para os Travel Awards 2018 &#8226; Infraspeak Blog","isPartOf":{"@id":"https:\/\/blog.infraspeak.com\/pt-pt\/#website"},"primaryImageOfPage":{"@id":"https:\/\/blog.infraspeak.com\/pt-pt\/conheca-os-10-clientes-infraspeak-nomeados-para-os-travel-awards-2018\/#primaryimage"},"image":{"@id":"https:\/\/blog.infraspeak.com\/pt-pt\/conheca-os-10-clientes-infraspeak-nomeados-para-os-travel-awards-2018\/#primaryimage"},"thumbnailUrl":"https:\/\/blog.infraspeak.com\/wp-content\/uploads\/2019\/01\/saccharum-600x450.jpg","datePublished":"2018-08-31T19:11:15+00:00","dateModified":"2026-04-02T18:41:18+00:00","description":"Os Publituris Portugal Travel Awards 2018 est\u00e3o a\u00ed. Entre os nomeados, est\u00e3o v\u00e1rios que utilizam o Infraspeak para gest\u00e3o das suas opera\u00e7\u00f5es. Saiba quais.","breadcrumb":{"@id":"https:\/\/blog.infraspeak.com\/pt-pt\/conheca-os-10-clientes-infraspeak-nomeados-para-os-travel-awards-2018\/#breadcrumb"},"inLanguage":"pt-PT","potentialAction":[{"@type":"ReadAction","target":["https:\/\/blog.infraspeak.com\/pt-pt\/conheca-os-10-clientes-infraspeak-nomeados-para-os-travel-awards-2018\/"]}]},{"@type":"ImageObject","inLanguage":"pt-PT","@id":"https:\/\/blog.infraspeak.com\/pt-pt\/conheca-os-10-clientes-infraspeak-nomeados-para-os-travel-awards-2018\/#primaryimage","url":"https:\/\/blog.infraspeak.com\/wp-content\/uploads\/2019\/01\/saccharum-600x450.jpg","contentUrl":"https:\/\/blog.infraspeak.com\/wp-content\/uploads\/2019\/01\/saccharum-600x450.jpg","width":600,"height":450},{"@type":"BreadcrumbList","@id":"https:\/\/blog.infraspeak.com\/pt-pt\/conheca-os-10-clientes-infraspeak-nomeados-para-os-travel-awards-2018\/#breadcrumb","itemListElement":[{"@type":"ListItem","position":1,"name":"Home","item":"https:\/\/blog.infraspeak.com\/"},{"@type":"ListItem","position":2,"name":"Conhe\u00e7a os 10 clientes Infraspeak nomeados para os Travel Awards 2018"}]},{"@type":"WebSite","@id":"https:\/\/blog.infraspeak.com\/pt-pt\/#website","url":"https:\/\/blog.infraspeak.com\/pt-pt\/","name":"Infraspeak Blog","description":"All About Maintenance and Facilities Management","publisher":{"@id":"https:\/\/blog.infraspeak.com\/pt-pt\/#organization"},"potentialAction":[{"@type":"SearchAction","target":{"@type":"EntryPoint","urlTemplate":"https:\/\/blog.infraspeak.com\/pt-pt\/?s={search_term_string}"},"query-input":{"@type":"PropertyValueSpecification","valueRequired":true,"valueName":"search_term_string"}}],"inLanguage":"pt-PT"},{"@type":"Organization","@id":"https:\/\/blog.infraspeak.com\/pt-pt\/#organization","name":"Infraspeak","url":"https:\/\/blog.infraspeak.com\/pt-pt\/","logo":{"@type":"ImageObject","inLanguage":"pt-PT","@id":"https:\/\/blog.infraspeak.com\/pt-pt\/#\/schema\/logo\/image\/","url":"https:\/\/blog.infraspeak.com\/wp-content\/uploads\/2018\/11\/is-logo@2x.png","contentUrl":"https:\/\/blog.infraspeak.com\/wp-content\/uploads\/2018\/11\/is-logo@2x.png","width":544,"height":180,"caption":"Infraspeak"},"image":{"@id":"https:\/\/blog.infraspeak.com\/pt-pt\/#\/schema\/logo\/image\/"},"sameAs":["https:\/\/www.facebook.com\/infraspeakmaintenance","https:\/\/x.com\/infraspeak","https:\/\/www.instagram.com\/infraspeak\/","http:\/\/www.linkedin.com\/company\/infraspeak","https:\/\/www.youtube.com\/channel\/UCOdjKyhSD9RJbRhuP-S8Avw"]},{"@type":"Person","@id":"https:\/\/blog.infraspeak.com\/pt-pt\/#\/schema\/person\/b53887f01881a658b4cc1bf25f2d4377","name":"Infraspeak Team","image":{"@type":"ImageObject","inLanguage":"pt-PT","@id":"https:\/\/blog.infraspeak.com\/wp-content\/uploads\/2023\/02\/296167549_2627985274000609_8314221938057526692_n-120x120.jpg","url":"https:\/\/blog.infraspeak.com\/wp-content\/uploads\/2023\/02\/296167549_2627985274000609_8314221938057526692_n-120x120.jpg","contentUrl":"https:\/\/blog.infraspeak.com\/wp-content\/uploads\/2023\/02\/296167549_2627985274000609_8314221938057526692_n-120x120.jpg","caption":"Infraspeak Team"},"url":"https:\/\/blog.infraspeak.com\/pt-pt\/author\/infraspeakteam\/"}]}},"_links":{"self":[{"href":"https:\/\/blog.infraspeak.com\/pt-pt\/wp-json\/wp\/v2\/posts\/922","targetHints":{"allow":["GET"]}}],"collection":[{"href":"https:\/\/blog.infraspeak.com\/pt-pt\/wp-json\/wp\/v2\/posts"}],"about":[{"href":"https:\/\/blog.infraspeak.com\/pt-pt\/wp-json\/wp\/v2\/types\/post"}],"author":[{"embeddable":true,"href":"https:\/\/blog.infraspeak.com\/pt-pt\/wp-json\/wp\/v2\/users\/54"}],"replies":[{"embeddable":true,"href":"https:\/\/blog.infraspeak.com\/pt-pt\/wp-json\/wp\/v2\/comments?post=922"}],"version-history":[{"count":3,"href":"https:\/\/blog.infraspeak.com\/pt-pt\/wp-json\/wp\/v2\/posts\/922\/revisions"}],"predecessor-version":[{"id":34984,"href":"https:\/\/blog.infraspeak.com\/pt-pt\/wp-json\/wp\/v2\/posts\/922\/revisions\/34984"}],"wp:featuredmedia":[{"embeddable":true,"href":"https:\/\/blog.infraspeak.com\/pt-pt\/wp-json\/wp\/v2\/media\/923"}],"wp:attachment":[{"href":"https:\/\/blog.infraspeak.com\/pt-pt\/wp-json\/wp\/v2\/media?parent=922"}],"wp:term":[{"taxonomy":"category","embeddable":true,"href":"https:\/\/blog.infraspeak.com\/pt-pt\/wp-json\/wp\/v2\/categories?post=922"},{"taxonomy":"post_tag","embeddable":true,"href":"https:\/\/blog.infraspeak.com\/pt-pt\/wp-json\/wp\/v2\/tags?post=922"}],"curies":[{"name":"wp","href":"https:\/\/api.w.org\/{rel}","templated":true}]}}