{"id":7042,"date":"2020-06-22T13:19:42","date_gmt":"2020-06-22T13:19:42","guid":{"rendered":"https:\/\/blog.infraspeak.com\/?p=7042"},"modified":"2023-07-12T16:43:23","modified_gmt":"2023-07-12T16:43:23","slug":"inside-infraspeak-luis-carrujo","status":"publish","type":"post","link":"https:\/\/blog.infraspeak.com\/pt-pt\/inside-infraspeak-luis-carrujo\/","title":{"rendered":"Inside Infraspeak partners: Lu\u00eds Carrujo (LGC Consulting)"},"content":{"rendered":"<div id=\"bsf_rt_marker\"><\/div><h3><b>Ol\u00e1 Lu\u00eds! \u00c9s Administrador na <a href=\"http:\/\/www.lgcconsulting.pt\/\">LGC Consulting<\/a>, o parceiro Angolano da Infraspeak. Conta-nos um pouco da tua adapta\u00e7\u00e3o ao trabalho e vida em Angola.<\/b><\/h3>\n<p>&nbsp;<\/p>\n<p><span style=\"font-weight: 400;\">A mudan\u00e7a para Angola aconteceu j\u00e1 h\u00e1 7 anos atr\u00e1s. Sou Angolano de naturalidade e nasci em Luanda, a menos de 500 metros do s\u00edtio onde resido neste momento. Por isso, j\u00e1 tenho essa liga\u00e7\u00e3o desde nascen\u00e7a.&nbsp;<\/span><\/p>\n<p>&nbsp;<\/p>\n<p><span style=\"font-weight: 400;\">Tinha uma empresa de energias renov\u00e1veis em Portugal e quando a crise se instalou, o sector ficou em decl\u00ednio. Naquela altura as coisas come\u00e7aram a correr um pouco pior e por isso, achei que seria uma boa oportunidade vir para Angola. Na altura, vim para uma empresa de frio industrial mas depois passei para gest\u00e3o de edif\u00edcios e constru\u00e7\u00e3o.&nbsp;<\/span><strong>H\u00e1 um ano atr\u00e1s achei que estava na hora de voltar para uma aventura empresarial e comecei este projecto da LGC Consulting.<\/strong><\/p>\n<p>&nbsp;<\/p>\n<p><span style=\"font-weight: 400;\">Os primeiros tempos s\u00e3o sempre os mais complicados, at\u00e9 porque entre Portugal e Angola o choque cultural \u00e9 grande. Com o tempo, acabamos por nos habituar e acabamos por relevar certas quest\u00f5es por um bem maior, como a organiza\u00e7\u00e3o da vida e da fam\u00edlia.&nbsp;<\/span><\/p>\n<p>&nbsp;<\/p>\n<h3><b>E em que ponto \u00e9 que surge esta parceria com a Infraspeak?<\/b><\/h3>\n<p>&nbsp;<\/p>\n<p><span style=\"font-weight: 400;\">A parceria com a Infraspeak surge exatamente no momento em que eu penso em criar uma consultora de engenharia. Com a <\/span><i><span style=\"font-weight: 400;\">network<\/span><\/i><span style=\"font-weight: 400;\"> que tinha criado j\u00e1 em Angola, queria trabalhar na \u00e1rea de gest\u00e3o de manuten\u00e7\u00e3o e de projecto e apoio \u00e0s empresas, mais at\u00e9 do que propriamente em constru\u00e7\u00e3o e manuten\u00e7\u00e3o. <strong>Havia uma empresa em Angola que j\u00e1 conhecia e que trabalhava com a Infraspeak e tive curiosidade.<\/strong> Falei com a Ana Ventura, na altura a <em>Country Manager<\/em> da Infraspeak para Portugal e os PALOP, e verifiquei que havia possibilidade em ser um parceiro local. Iniciamos as negocia\u00e7\u00f5es por a\u00ed.<\/span><\/p>\n<p>&nbsp;<\/p>\n<h3><b>Consideras que a Infraspeak d\u00e1 conta das necessidades do mercado Angolano?<\/b><\/h3>\n<p>&nbsp;<\/p>\n<p><span style=\"font-weight: 400;\">A resposta das empresas tem sido boa. Toda a gente v\u00ea o software e a forma como a plataforma responde aos problemas do dia a dia, na gest\u00e3o de manuten\u00e7\u00e3o, de forma positiva.&nbsp;<\/span><span style=\"font-weight: 400;\">As principais dificuldades que temos sentido, embora j\u00e1 o tenhamos resolvido, \u00e9 que temos sempre que fazer as propostas em euros e a desvaloriza\u00e7\u00e3o cont\u00ednua que o Kwanza tem sofrido, principalmente nos \u00faltimos dois anos, faz com que o poder de compra das empresas esteja cada vez mais reduzido.&nbsp;<\/span><\/p>\n<p>&nbsp;<\/p>\n<p><span style=\"font-weight: 400;\">Come\u00e7amos com a Infraspeak em Agosto de 2019. <strong>At\u00e9 Fevereiro tivemos um bom arranque em que conseguimos alguns clientes e um pipeline grande de empresas que queria entrar mas, a partir do momento em que entrou a quest\u00e3o da pandemia, ficou tudo parado e afectou bastante um sector que j\u00e1 estava fragilizado por outras crises.<\/strong><\/span><\/p>\n<p>&nbsp;<\/p>\n<p><span style=\"font-weight: 400;\">Dito isso, notamos no m\u00eas de Setembro uma vontade, por parte dos decisores, em voltar a tomar as r\u00e9deas e agora durante este \u00faltimo m\u00eas j\u00e1 tivemos desenvolvimentos, incluindo uma confirma\u00e7\u00e3o e mais duas em que ainda estamos a trabalhar para os \u00faltimos meses e para 2021.<\/span><\/p>\n<p>&nbsp;<\/p>\n<h3><b>E destaca-se de alguma maneira?<\/b><\/h3>\n<p>&nbsp;<\/p>\n<p><span style=\"font-weight: 400;\">Onde a Infraspeak se destaca e tem uma maior valia, na minha opini\u00e3o, \u00e9 mesmo na aplica\u00e7\u00e3o <\/span><i><span style=\"font-weight: 400;\">mobile<\/span><\/i><span style=\"font-weight: 400;\">. A utiliza\u00e7\u00e3o \u00e9 muito simples e normalmente, neste tipo de software, h\u00e1 muita avers\u00e3o \u00e0 mudan\u00e7a.&nbsp;<\/span><\/p>\n<p>&nbsp;<\/p>\n<p><span style=\"font-weight: 400;\">Embora os gestores saibam que a instala\u00e7\u00e3o de novo software \u00e9 por vezes necess\u00e1ria, para os t\u00e9cnicos isso \u00e9 muitas vezes somente mais um trabalho que ter\u00e3o que fazer. <strong>Francamente, o <em>feedback<\/em> que existe dos t\u00e9cnicos sobre a Infraspeak \u00e9 muito bom. Aprendem a trabalhar com com a aplica\u00e7\u00e3o muito rapidamente o que faz com que tudo seja mais simples na implementa\u00e7\u00e3o.<\/strong><\/span><\/p>\n<p>&nbsp;<\/p>\n<p><span style=\"font-weight: 400;\">Para al\u00e9m disso, a Infraspeak \u00e9 extremamente <em>user friendly<\/em>, mesmo para os gestores.&nbsp;<\/span><\/p>\n<p>&nbsp;<\/p>\n<h3><b>Como foi para ti a pandemia em Angola? Como \u00e9 que te adaptaste, tanto profissionalmente como pessoalmente?<\/b><\/h3>\n<p>&nbsp;<\/p>\n<p><span style=\"font-weight: 400;\">Bem, eu tinha uma viagem marcada para passar a P\u00e1scoa em Portugal mas as fronteiras fecharam e logo por a\u00ed, n\u00e3o consegui ir a Portugal. Deslocar-me a Portugal at\u00e9 seria poss\u00edvel, mas n\u00e3o saberia quando poderia voltar.<\/span><\/p>\n<p>&nbsp;<\/p>\n<p><span style=\"font-weight: 400;\">Ainda agora existe a dificuldade de regresso para uma s\u00e9rie de expatriados. Acabaria por talvez estar 6 meses sem poder ir a Angola, com o preju\u00edzo que isso poderia dar. N\u00e3o tanto pelo trabalho, porque a equipa aqui em Angola est\u00e1 organizada naquilo que \u00e9 preciso ser presencial e consegue deixar tudo a funcionar. Para al\u00e9m disso, eu poderia, a partir de Portugal, fazer tudo praticamente como se estivesse por c\u00e1. No entanto, certas reuni\u00f5es presenciais deixariam de acontecer e isso acabaria por ser um pouco penalizador.<\/span><\/p>\n<p>&nbsp;<\/p>\n<p><span style=\"font-weight: 400;\">O nosso confinamento por c\u00e1 durante os meses de Mar\u00e7o e Abril foi um pouco violento. S\u00f3 se podia sair para ir ao supermercado, \u00e0 farm\u00e1cia ou ao m\u00e9dico. Estivemos sem poder ter funcion\u00e1rios no local durante algum tempo, tamb\u00e9m. Mesmo a desloca\u00e7\u00e3o de pessoas que tinham credenciais para fazer trabalho priorit\u00e1rio de manuten\u00e7\u00e3o ou de limpeza e desinfe\u00e7\u00e3o era complicada.N\u00e3o havia t\u00e1xis e os transportes p\u00fablicos tamb\u00e9m ficaram complicados o que fazia com que tivessem que sair de casa muito cedo para chegar a horas.<\/span><\/p>\n<p>&nbsp;<\/p>\n<p><span style=\"font-weight: 400;\">Quanto ao trabalho remoto, para mim n\u00e3o houve mudan\u00e7a nenhuma.<strong> Trabalhar em <em>home-office<\/em> ou no escrit\u00f3rio n\u00e3o me faz muita diferen\u00e7a. Acho que quando o pessoal est\u00e1 todo no escrit\u00f3rio at\u00e9 se torna mais complicado (risos).<\/strong> Estou a falar com algu\u00e9m e a ouvir outra pessoa nas minhas costas!<\/span><\/p>\n<p>&nbsp;<\/p>\n<h3><b>Em rela\u00e7\u00e3o ao futuro e \u00e0 evolu\u00e7\u00e3o do mercado, quais as tuas expectativas?<\/b><\/h3>\n<p>&nbsp;<\/p>\n<p><span style=\"font-weight: 400;\">As minhas expectativas para Angola em rela\u00e7\u00e3o \u00e0 <a href=\"http:\/\/www.lgcconsulting.pt\/\">LGC Consulting<\/a> e \u00e0 Infraspeak s\u00e3o focadas no sector estatal. \u00c9 nesse sentido que temos estado a trabalhar com algum foco. As coisas, da parte do estado, n\u00e3o acontecem t\u00e3o rapidamente como no privado, mas francamente \u00e9 tamb\u00e9m onde ganham um volume mais interessante.<\/span><\/p>\n<p>&nbsp;<\/p>\n<p><span style=\"font-weight: 400;\">Penso que temos feito bom trabalho junto das principais entidades p\u00fablicas e sabemos que existem alguns organismos de estado que est\u00e3o a organizar cadernos de concurso. <strong>Muitas vezes, esses \u00f3rg\u00e3os verificaram as necessidades que tinham em <em>facility management<\/em> atrav\u00e9s da nossa iniciativa e das nossas apresenta\u00e7\u00f5es<\/strong>, e isso acaba por ser aquilo que eu considero ser o futuro desta opera\u00e7\u00e3o em Angola.<\/span><\/p>\n<p>&nbsp;<\/p>\n<p><span style=\"font-weight: 400;\">A partir do momento em que temos um p\u00e9 dentro do sector do estado e come\u00e7ar a haver um Minist\u00e9rio ou empresa p\u00fablica a usar Infraspeak, os principais prestadores de servi\u00e7o ter\u00e3o a necessidade de passar a usar tamb\u00e9m a plataforma sendo que as coisas acabam por acontecer de forma natural.<\/span><\/p>\n<p>&nbsp;<\/p>\n<h3><b>Finalmente, como \u00e9 que ocupas os tempos livres?<\/b><\/h3>\n<p>&nbsp;<\/p>\n<p><span style=\"font-weight: 400;\">Normalmente, fa\u00e7o desporto.&nbsp;<\/span><\/p>\n<p>&nbsp;<\/p>\n<p><span style=\"font-weight: 400;\">Fazia uma actividade na Ilha de Luanda que agora at\u00e9 est\u00e1 proibida, que \u00e9 <\/span><i><span style=\"font-weight: 400;\">kitesurf<\/span><\/i><span style=\"font-weight: 400;\">! Neste momento e at\u00e9 acabar a pandemia e o estado de calamidade, n\u00e3o se pode voltar \u00e0s praias em Luanda.&nbsp;<\/span><\/p>\n<p>&nbsp;<\/p>\n<p><span style=\"font-weight: 400;\">Entretanto, at\u00e9 isto acabar, <strong>restaurei a minha guitarra para voltar aos meus tempos de juventude<\/strong> e virar-me um pouco para a m\u00fasica.<\/span><\/p>\n<p>&nbsp;<\/p>\n<p><span style=\"font-weight: 400;\">Tinha uma banda de <\/span><i><span style=\"font-weight: 400;\">grunge <\/span><\/i><span style=\"font-weight: 400;\">quando era mais novo\u2026 os <\/span><b>SLAMO&nbsp;<\/b><span style=\"font-weight: 400;\">mas quando entrei para a universidade deixei de ter a capacidade de acompanhar e eles continuaram sem mim. Muitos deles ainda est\u00e3o ligados \u00e0 m\u00fasica. Eu \u00e9 que segui engenharia e sa\u00ed um pouco dessa \u00e1rea.&nbsp;<\/span><\/p>\n<p>&nbsp;<\/p>\n<h3><b>Boa sorte com a tua nova carreira na m\u00fasica (risos)! Ficou algo por contar?<\/b><\/h3>\n<p>&nbsp;<\/p>\n<p><span style=\"font-weight: 400;\">N\u00e3o muito. A n\u00edvel de vis\u00e3o e de objectivo, gostava que a Infraspeak se tornasse o principal software de gest\u00e3o de manuten\u00e7\u00e3o aplicado em Angola. Dada a qualidade que o software tem, n\u00e3o me parece um objectivo de todo descabido e parece-me que \u00e9 apenas uma quest\u00e3o de continuar com o bom trabalho comercial e de <\/span><i><span style=\"font-weight: 400;\">customer success <\/span><\/i><span style=\"font-weight: 400;\">que temos tido com os nossos clientes.<\/span><\/p>\n<p>&nbsp;<\/p>\n<p><span style=\"font-weight: 400;\">Quanto \u00e0 LGC Consulting, o objectivo \u00e9 que a empresa se consolide com credibilidade porque para uma consultora, o objectivo \u00e9 sermos sempre cred\u00edveis e s\u00f3lidos no mercado e que os <\/span><i><span style=\"font-weight: 400;\">players<\/span><\/i><span style=\"font-weight: 400;\"> que existem saibam que podem contar connosco, com isen\u00e7\u00e3o e qualidade no trabalho que fazemos.&nbsp;<\/span><\/p>\n<p>&nbsp;<\/p>\n<p><span style=\"font-weight: 400;\"><a href=\"https:\/\/www.linkedin.com\/in\/luis-carrujo-b51b0a1a\/\">Lu\u00eds Carrujo<\/a> \u00e9 Administrador na <a href=\"http:\/\/www.lgcconsulting.pt\/\">LGC Consulting<\/a> e o convidado do nosso primeiro <strong>Inside Infraspeak: Partners<\/strong>. Obrigado, Lu\u00eds!<\/span><\/p>\n","protected":false},"excerpt":{"rendered":"<p>Inside Infraspeak \u00e9 uma s\u00e9rie de entrevistas com Infraspeakers e outros membros da comunidade de facility management e gest\u00e3o de manuten\u00e7\u00e3o.<\/p>\n","protected":false},"author":54,"featured_media":7043,"comment_status":"closed","ping_status":"closed","sticky":false,"template":"","format":"standard","meta":{"content-type":"","footnotes":"","_wp_rev_ctl_limit":""},"categories":[334],"tags":[628],"class_list":["post-7042","post","type-post","status-publish","format-standard","has-post-thumbnail","hentry","category-plataforma","tag-inside-infraspeak"],"yoast_head":"<!-- This site is optimized with the Yoast SEO plugin v27.3 - https:\/\/yoast.com\/product\/yoast-seo-wordpress\/ -->\n<title>Inside Infraspeak partners: Lu\u00eds Carrujo &#8226; Infraspeak Blog<\/title>\n<meta name=\"description\" content=\"Descubra &#039;Inside Infraspeak&#039; - uma s\u00e9rie de entrevistas semanais com especialistas do sector. Esta semana, conhe\u00e7a Lu\u00eds Carrujo!\" \/>\n<meta name=\"robots\" content=\"index, follow, max-snippet:-1, max-image-preview:large, max-video-preview:-1\" \/>\n<link rel=\"canonical\" href=\"https:\/\/blog.infraspeak.com\/pt-pt\/inside-infraspeak-luis-carrujo\/\" \/>\n<meta property=\"og:locale\" content=\"pt_PT\" \/>\n<meta property=\"og:type\" content=\"article\" \/>\n<meta property=\"og:title\" content=\"Inside Infraspeak partners: Lu\u00eds Carrujo &#8226; Infraspeak Blog\" \/>\n<meta property=\"og:description\" content=\"Descubra &#039;Inside Infraspeak&#039; - uma s\u00e9rie de entrevistas semanais com especialistas do sector. Esta semana, conhe\u00e7a Lu\u00eds Carrujo!\" \/>\n<meta property=\"og:url\" content=\"https:\/\/blog.infraspeak.com\/pt-pt\/inside-infraspeak-luis-carrujo\/\" \/>\n<meta property=\"og:site_name\" content=\"Infraspeak Blog\" \/>\n<meta property=\"article:publisher\" content=\"https:\/\/www.facebook.com\/infraspeakmaintenance\" \/>\n<meta property=\"article:published_time\" content=\"2020-06-22T13:19:42+00:00\" \/>\n<meta property=\"article:modified_time\" content=\"2023-07-12T16:43:23+00:00\" \/>\n<meta property=\"og:image\" content=\"https:\/\/blog.infraspeak.com\/wp-content\/uploads\/2020\/10\/inside-partners-carrujo.jpg\" \/>\n\t<meta property=\"og:image:width\" content=\"1200\" \/>\n\t<meta property=\"og:image:height\" content=\"800\" \/>\n\t<meta property=\"og:image:type\" content=\"image\/jpeg\" \/>\n<meta name=\"author\" content=\"Infraspeak Team\" \/>\n<meta name=\"twitter:card\" content=\"summary_large_image\" \/>\n<meta name=\"twitter:creator\" content=\"@infraspeak\" \/>\n<meta name=\"twitter:site\" content=\"@infraspeak\" \/>\n<meta name=\"twitter:label1\" content=\"Escrito por\" \/>\n\t<meta name=\"twitter:data1\" content=\"Infraspeak Team\" \/>\n\t<meta name=\"twitter:label2\" content=\"Tempo estimado de leitura\" \/>\n\t<meta name=\"twitter:data2\" content=\"6 minutos\" \/>\n<script type=\"application\/ld+json\" class=\"yoast-schema-graph\">{\"@context\":\"https:\\\/\\\/schema.org\",\"@graph\":[{\"@type\":\"Article\",\"@id\":\"https:\\\/\\\/blog.infraspeak.com\\\/pt-pt\\\/inside-infraspeak-luis-carrujo\\\/#article\",\"isPartOf\":{\"@id\":\"https:\\\/\\\/blog.infraspeak.com\\\/pt-pt\\\/inside-infraspeak-luis-carrujo\\\/\"},\"author\":{\"name\":\"Infraspeak Team\",\"@id\":\"https:\\\/\\\/blog.infraspeak.com\\\/pt-pt\\\/#\\\/schema\\\/person\\\/b53887f01881a658b4cc1bf25f2d4377\"},\"headline\":\"Inside Infraspeak partners: Lu\u00eds Carrujo (LGC Consulting)\",\"datePublished\":\"2020-06-22T13:19:42+00:00\",\"dateModified\":\"2023-07-12T16:43:23+00:00\",\"mainEntityOfPage\":{\"@id\":\"https:\\\/\\\/blog.infraspeak.com\\\/pt-pt\\\/inside-infraspeak-luis-carrujo\\\/\"},\"wordCount\":1453,\"publisher\":{\"@id\":\"https:\\\/\\\/blog.infraspeak.com\\\/pt-pt\\\/#organization\"},\"image\":{\"@id\":\"https:\\\/\\\/blog.infraspeak.com\\\/pt-pt\\\/inside-infraspeak-luis-carrujo\\\/#primaryimage\"},\"thumbnailUrl\":\"https:\\\/\\\/blog.infraspeak.com\\\/wp-content\\\/uploads\\\/2020\\\/10\\\/inside-partners-carrujo.jpg\",\"keywords\":[\"inside infraspeak\"],\"articleSection\":[\"Infraspeak\"],\"inLanguage\":\"pt-PT\"},{\"@type\":\"WebPage\",\"@id\":\"https:\\\/\\\/blog.infraspeak.com\\\/pt-pt\\\/inside-infraspeak-luis-carrujo\\\/\",\"url\":\"https:\\\/\\\/blog.infraspeak.com\\\/pt-pt\\\/inside-infraspeak-luis-carrujo\\\/\",\"name\":\"Inside Infraspeak partners: Lu\u00eds Carrujo &#8226; Infraspeak Blog\",\"isPartOf\":{\"@id\":\"https:\\\/\\\/blog.infraspeak.com\\\/pt-pt\\\/#website\"},\"primaryImageOfPage\":{\"@id\":\"https:\\\/\\\/blog.infraspeak.com\\\/pt-pt\\\/inside-infraspeak-luis-carrujo\\\/#primaryimage\"},\"image\":{\"@id\":\"https:\\\/\\\/blog.infraspeak.com\\\/pt-pt\\\/inside-infraspeak-luis-carrujo\\\/#primaryimage\"},\"thumbnailUrl\":\"https:\\\/\\\/blog.infraspeak.com\\\/wp-content\\\/uploads\\\/2020\\\/10\\\/inside-partners-carrujo.jpg\",\"datePublished\":\"2020-06-22T13:19:42+00:00\",\"dateModified\":\"2023-07-12T16:43:23+00:00\",\"description\":\"Descubra 'Inside Infraspeak' - uma s\u00e9rie de entrevistas semanais com especialistas do sector. Esta semana, conhe\u00e7a Lu\u00eds Carrujo!\",\"breadcrumb\":{\"@id\":\"https:\\\/\\\/blog.infraspeak.com\\\/pt-pt\\\/inside-infraspeak-luis-carrujo\\\/#breadcrumb\"},\"inLanguage\":\"pt-PT\",\"potentialAction\":[{\"@type\":\"ReadAction\",\"target\":[\"https:\\\/\\\/blog.infraspeak.com\\\/pt-pt\\\/inside-infraspeak-luis-carrujo\\\/\"]}]},{\"@type\":\"ImageObject\",\"inLanguage\":\"pt-PT\",\"@id\":\"https:\\\/\\\/blog.infraspeak.com\\\/pt-pt\\\/inside-infraspeak-luis-carrujo\\\/#primaryimage\",\"url\":\"https:\\\/\\\/blog.infraspeak.com\\\/wp-content\\\/uploads\\\/2020\\\/10\\\/inside-partners-carrujo.jpg\",\"contentUrl\":\"https:\\\/\\\/blog.infraspeak.com\\\/wp-content\\\/uploads\\\/2020\\\/10\\\/inside-partners-carrujo.jpg\",\"width\":1200,\"height\":800},{\"@type\":\"BreadcrumbList\",\"@id\":\"https:\\\/\\\/blog.infraspeak.com\\\/pt-pt\\\/inside-infraspeak-luis-carrujo\\\/#breadcrumb\",\"itemListElement\":[{\"@type\":\"ListItem\",\"position\":1,\"name\":\"Home\",\"item\":\"https:\\\/\\\/blog.infraspeak.com\\\/\"},{\"@type\":\"ListItem\",\"position\":2,\"name\":\"Inside Infraspeak partners: Lu\u00eds Carrujo (LGC Consulting)\"}]},{\"@type\":\"WebSite\",\"@id\":\"https:\\\/\\\/blog.infraspeak.com\\\/pt-pt\\\/#website\",\"url\":\"https:\\\/\\\/blog.infraspeak.com\\\/pt-pt\\\/\",\"name\":\"Infraspeak Blog\",\"description\":\"All About Maintenance and Facilities Management\",\"publisher\":{\"@id\":\"https:\\\/\\\/blog.infraspeak.com\\\/pt-pt\\\/#organization\"},\"potentialAction\":[{\"@type\":\"SearchAction\",\"target\":{\"@type\":\"EntryPoint\",\"urlTemplate\":\"https:\\\/\\\/blog.infraspeak.com\\\/pt-pt\\\/?s={search_term_string}\"},\"query-input\":{\"@type\":\"PropertyValueSpecification\",\"valueRequired\":true,\"valueName\":\"search_term_string\"}}],\"inLanguage\":\"pt-PT\"},{\"@type\":\"Organization\",\"@id\":\"https:\\\/\\\/blog.infraspeak.com\\\/pt-pt\\\/#organization\",\"name\":\"Infraspeak\",\"url\":\"https:\\\/\\\/blog.infraspeak.com\\\/pt-pt\\\/\",\"logo\":{\"@type\":\"ImageObject\",\"inLanguage\":\"pt-PT\",\"@id\":\"https:\\\/\\\/blog.infraspeak.com\\\/pt-pt\\\/#\\\/schema\\\/logo\\\/image\\\/\",\"url\":\"https:\\\/\\\/blog.infraspeak.com\\\/wp-content\\\/uploads\\\/2018\\\/11\\\/is-logo@2x.png\",\"contentUrl\":\"https:\\\/\\\/blog.infraspeak.com\\\/wp-content\\\/uploads\\\/2018\\\/11\\\/is-logo@2x.png\",\"width\":544,\"height\":180,\"caption\":\"Infraspeak\"},\"image\":{\"@id\":\"https:\\\/\\\/blog.infraspeak.com\\\/pt-pt\\\/#\\\/schema\\\/logo\\\/image\\\/\"},\"sameAs\":[\"https:\\\/\\\/www.facebook.com\\\/infraspeakmaintenance\",\"https:\\\/\\\/x.com\\\/infraspeak\",\"https:\\\/\\\/www.instagram.com\\\/infraspeak\\\/\",\"http:\\\/\\\/www.linkedin.com\\\/company\\\/infraspeak\",\"https:\\\/\\\/www.youtube.com\\\/channel\\\/UCOdjKyhSD9RJbRhuP-S8Avw\"]},{\"@type\":\"Person\",\"@id\":\"https:\\\/\\\/blog.infraspeak.com\\\/pt-pt\\\/#\\\/schema\\\/person\\\/b53887f01881a658b4cc1bf25f2d4377\",\"name\":\"Infraspeak Team\",\"image\":{\"@type\":\"ImageObject\",\"inLanguage\":\"pt-PT\",\"@id\":\"https:\\\/\\\/blog.infraspeak.com\\\/wp-content\\\/uploads\\\/2023\\\/02\\\/296167549_2627985274000609_8314221938057526692_n-120x120.jpg\",\"url\":\"https:\\\/\\\/blog.infraspeak.com\\\/wp-content\\\/uploads\\\/2023\\\/02\\\/296167549_2627985274000609_8314221938057526692_n-120x120.jpg\",\"contentUrl\":\"https:\\\/\\\/blog.infraspeak.com\\\/wp-content\\\/uploads\\\/2023\\\/02\\\/296167549_2627985274000609_8314221938057526692_n-120x120.jpg\",\"caption\":\"Infraspeak Team\"},\"url\":\"https:\\\/\\\/blog.infraspeak.com\\\/pt-pt\\\/author\\\/infraspeakteam\\\/\"}]}<\/script>\n<!-- \/ Yoast SEO plugin. -->","yoast_head_json":{"title":"Inside Infraspeak partners: Lu\u00eds Carrujo &#8226; Infraspeak Blog","description":"Descubra 'Inside Infraspeak' - uma s\u00e9rie de entrevistas semanais com especialistas do sector. Esta semana, conhe\u00e7a Lu\u00eds Carrujo!","robots":{"index":"index","follow":"follow","max-snippet":"max-snippet:-1","max-image-preview":"max-image-preview:large","max-video-preview":"max-video-preview:-1"},"canonical":"https:\/\/blog.infraspeak.com\/pt-pt\/inside-infraspeak-luis-carrujo\/","og_locale":"pt_PT","og_type":"article","og_title":"Inside Infraspeak partners: Lu\u00eds Carrujo &#8226; Infraspeak Blog","og_description":"Descubra 'Inside Infraspeak' - uma s\u00e9rie de entrevistas semanais com especialistas do sector. Esta semana, conhe\u00e7a Lu\u00eds Carrujo!","og_url":"https:\/\/blog.infraspeak.com\/pt-pt\/inside-infraspeak-luis-carrujo\/","og_site_name":"Infraspeak Blog","article_publisher":"https:\/\/www.facebook.com\/infraspeakmaintenance","article_published_time":"2020-06-22T13:19:42+00:00","article_modified_time":"2023-07-12T16:43:23+00:00","og_image":[{"width":1200,"height":800,"url":"https:\/\/blog.infraspeak.com\/wp-content\/uploads\/2020\/10\/inside-partners-carrujo.jpg","type":"image\/jpeg"}],"author":"Infraspeak Team","twitter_card":"summary_large_image","twitter_creator":"@infraspeak","twitter_site":"@infraspeak","twitter_misc":{"Escrito por":"Infraspeak Team","Tempo estimado de leitura":"6 minutos"},"schema":{"@context":"https:\/\/schema.org","@graph":[{"@type":"Article","@id":"https:\/\/blog.infraspeak.com\/pt-pt\/inside-infraspeak-luis-carrujo\/#article","isPartOf":{"@id":"https:\/\/blog.infraspeak.com\/pt-pt\/inside-infraspeak-luis-carrujo\/"},"author":{"name":"Infraspeak Team","@id":"https:\/\/blog.infraspeak.com\/pt-pt\/#\/schema\/person\/b53887f01881a658b4cc1bf25f2d4377"},"headline":"Inside Infraspeak partners: Lu\u00eds Carrujo (LGC Consulting)","datePublished":"2020-06-22T13:19:42+00:00","dateModified":"2023-07-12T16:43:23+00:00","mainEntityOfPage":{"@id":"https:\/\/blog.infraspeak.com\/pt-pt\/inside-infraspeak-luis-carrujo\/"},"wordCount":1453,"publisher":{"@id":"https:\/\/blog.infraspeak.com\/pt-pt\/#organization"},"image":{"@id":"https:\/\/blog.infraspeak.com\/pt-pt\/inside-infraspeak-luis-carrujo\/#primaryimage"},"thumbnailUrl":"https:\/\/blog.infraspeak.com\/wp-content\/uploads\/2020\/10\/inside-partners-carrujo.jpg","keywords":["inside infraspeak"],"articleSection":["Infraspeak"],"inLanguage":"pt-PT"},{"@type":"WebPage","@id":"https:\/\/blog.infraspeak.com\/pt-pt\/inside-infraspeak-luis-carrujo\/","url":"https:\/\/blog.infraspeak.com\/pt-pt\/inside-infraspeak-luis-carrujo\/","name":"Inside Infraspeak partners: Lu\u00eds Carrujo &#8226; Infraspeak Blog","isPartOf":{"@id":"https:\/\/blog.infraspeak.com\/pt-pt\/#website"},"primaryImageOfPage":{"@id":"https:\/\/blog.infraspeak.com\/pt-pt\/inside-infraspeak-luis-carrujo\/#primaryimage"},"image":{"@id":"https:\/\/blog.infraspeak.com\/pt-pt\/inside-infraspeak-luis-carrujo\/#primaryimage"},"thumbnailUrl":"https:\/\/blog.infraspeak.com\/wp-content\/uploads\/2020\/10\/inside-partners-carrujo.jpg","datePublished":"2020-06-22T13:19:42+00:00","dateModified":"2023-07-12T16:43:23+00:00","description":"Descubra 'Inside Infraspeak' - uma s\u00e9rie de entrevistas semanais com especialistas do sector. Esta semana, conhe\u00e7a Lu\u00eds Carrujo!","breadcrumb":{"@id":"https:\/\/blog.infraspeak.com\/pt-pt\/inside-infraspeak-luis-carrujo\/#breadcrumb"},"inLanguage":"pt-PT","potentialAction":[{"@type":"ReadAction","target":["https:\/\/blog.infraspeak.com\/pt-pt\/inside-infraspeak-luis-carrujo\/"]}]},{"@type":"ImageObject","inLanguage":"pt-PT","@id":"https:\/\/blog.infraspeak.com\/pt-pt\/inside-infraspeak-luis-carrujo\/#primaryimage","url":"https:\/\/blog.infraspeak.com\/wp-content\/uploads\/2020\/10\/inside-partners-carrujo.jpg","contentUrl":"https:\/\/blog.infraspeak.com\/wp-content\/uploads\/2020\/10\/inside-partners-carrujo.jpg","width":1200,"height":800},{"@type":"BreadcrumbList","@id":"https:\/\/blog.infraspeak.com\/pt-pt\/inside-infraspeak-luis-carrujo\/#breadcrumb","itemListElement":[{"@type":"ListItem","position":1,"name":"Home","item":"https:\/\/blog.infraspeak.com\/"},{"@type":"ListItem","position":2,"name":"Inside Infraspeak partners: Lu\u00eds Carrujo (LGC Consulting)"}]},{"@type":"WebSite","@id":"https:\/\/blog.infraspeak.com\/pt-pt\/#website","url":"https:\/\/blog.infraspeak.com\/pt-pt\/","name":"Infraspeak Blog","description":"All About Maintenance and Facilities Management","publisher":{"@id":"https:\/\/blog.infraspeak.com\/pt-pt\/#organization"},"potentialAction":[{"@type":"SearchAction","target":{"@type":"EntryPoint","urlTemplate":"https:\/\/blog.infraspeak.com\/pt-pt\/?s={search_term_string}"},"query-input":{"@type":"PropertyValueSpecification","valueRequired":true,"valueName":"search_term_string"}}],"inLanguage":"pt-PT"},{"@type":"Organization","@id":"https:\/\/blog.infraspeak.com\/pt-pt\/#organization","name":"Infraspeak","url":"https:\/\/blog.infraspeak.com\/pt-pt\/","logo":{"@type":"ImageObject","inLanguage":"pt-PT","@id":"https:\/\/blog.infraspeak.com\/pt-pt\/#\/schema\/logo\/image\/","url":"https:\/\/blog.infraspeak.com\/wp-content\/uploads\/2018\/11\/is-logo@2x.png","contentUrl":"https:\/\/blog.infraspeak.com\/wp-content\/uploads\/2018\/11\/is-logo@2x.png","width":544,"height":180,"caption":"Infraspeak"},"image":{"@id":"https:\/\/blog.infraspeak.com\/pt-pt\/#\/schema\/logo\/image\/"},"sameAs":["https:\/\/www.facebook.com\/infraspeakmaintenance","https:\/\/x.com\/infraspeak","https:\/\/www.instagram.com\/infraspeak\/","http:\/\/www.linkedin.com\/company\/infraspeak","https:\/\/www.youtube.com\/channel\/UCOdjKyhSD9RJbRhuP-S8Avw"]},{"@type":"Person","@id":"https:\/\/blog.infraspeak.com\/pt-pt\/#\/schema\/person\/b53887f01881a658b4cc1bf25f2d4377","name":"Infraspeak Team","image":{"@type":"ImageObject","inLanguage":"pt-PT","@id":"https:\/\/blog.infraspeak.com\/wp-content\/uploads\/2023\/02\/296167549_2627985274000609_8314221938057526692_n-120x120.jpg","url":"https:\/\/blog.infraspeak.com\/wp-content\/uploads\/2023\/02\/296167549_2627985274000609_8314221938057526692_n-120x120.jpg","contentUrl":"https:\/\/blog.infraspeak.com\/wp-content\/uploads\/2023\/02\/296167549_2627985274000609_8314221938057526692_n-120x120.jpg","caption":"Infraspeak Team"},"url":"https:\/\/blog.infraspeak.com\/pt-pt\/author\/infraspeakteam\/"}]}},"_links":{"self":[{"href":"https:\/\/blog.infraspeak.com\/pt-pt\/wp-json\/wp\/v2\/posts\/7042","targetHints":{"allow":["GET"]}}],"collection":[{"href":"https:\/\/blog.infraspeak.com\/pt-pt\/wp-json\/wp\/v2\/posts"}],"about":[{"href":"https:\/\/blog.infraspeak.com\/pt-pt\/wp-json\/wp\/v2\/types\/post"}],"author":[{"embeddable":true,"href":"https:\/\/blog.infraspeak.com\/pt-pt\/wp-json\/wp\/v2\/users\/54"}],"replies":[{"embeddable":true,"href":"https:\/\/blog.infraspeak.com\/pt-pt\/wp-json\/wp\/v2\/comments?post=7042"}],"version-history":[{"count":4,"href":"https:\/\/blog.infraspeak.com\/pt-pt\/wp-json\/wp\/v2\/posts\/7042\/revisions"}],"predecessor-version":[{"id":24997,"href":"https:\/\/blog.infraspeak.com\/pt-pt\/wp-json\/wp\/v2\/posts\/7042\/revisions\/24997"}],"wp:featuredmedia":[{"embeddable":true,"href":"https:\/\/blog.infraspeak.com\/pt-pt\/wp-json\/wp\/v2\/media\/7043"}],"wp:attachment":[{"href":"https:\/\/blog.infraspeak.com\/pt-pt\/wp-json\/wp\/v2\/media?parent=7042"}],"wp:term":[{"taxonomy":"category","embeddable":true,"href":"https:\/\/blog.infraspeak.com\/pt-pt\/wp-json\/wp\/v2\/categories?post=7042"},{"taxonomy":"post_tag","embeddable":true,"href":"https:\/\/blog.infraspeak.com\/pt-pt\/wp-json\/wp\/v2\/tags?post=7042"}],"curies":[{"name":"wp","href":"https:\/\/api.w.org\/{rel}","templated":true}]}}