{"id":31848,"date":"2025-03-20T15:05:17","date_gmt":"2025-03-20T15:05:17","guid":{"rendered":"https:\/\/blog.infraspeak.com\/?p=31848"},"modified":"2025-03-20T16:08:27","modified_gmt":"2025-03-20T16:08:27","slug":"through-the-leadership-lens-colaboracao","status":"publish","type":"post","link":"https:\/\/blog.infraspeak.com\/pt-pt\/through-the-leadership-lens-colaboracao\/","title":{"rendered":"Como a tecnologia est\u00e1 a moldar a colabora\u00e7\u00e3o no facility management. A vis\u00e3o do nosso CTO"},"content":{"rendered":"<div id=\"bsf_rt_marker\"><\/div>\n<h6 class=\"wp-block-heading has-text-align-left\"><em><strong>Pergunt\u00e1mos a Lu\u00eds Martins, CTO e cofundador da Infraspeak, quais as tend\u00eancias tecnol\u00f3gicas que ele prev\u00ea que ir\u00e3o moldar a colabora\u00e7\u00e3o no facility management nos pr\u00f3ximos anos.<\/strong><\/em><\/h6>\n\n\n\n<hr class=\"wp-block-separator has-alpha-channel-opacity\"\/>\n\n\n\n<p><\/p>\n\n\n\n<p>\u201cQuando penso em como a tecnologia pode apoiar ambientes colaborativos, a primeira coisa que me vem \u00e0 mente s\u00e3o os&nbsp;Large Language Models&nbsp;(LLM), que agora conseguem categorizar informa\u00e7\u00e3o de forma muito r\u00e1pida e precisa, tornando a classifica\u00e7\u00e3o de dados muito mais f\u00e1cil.<\/p>\n\n\n\n<p>Por exemplo, quando um documento \u00e9 fornecido a um modelo baseado em intelig\u00eancia artificial (AI), este pode identificar se \u00e9 uma fatura, uma proposta de or\u00e7amento ou um relat\u00f3rio. Isto \u00e9 particularmente relevante quando duas entidades precisam de trabalhar em conjunto, j\u00e1 que cada empresa tem a sua pr\u00f3pria estrutura interna para organizar documentos, processos e equipas.<\/p>\n\n\n\n<p>Tradicionalmente, isto exigia uma classifica\u00e7\u00e3o manual para garantir que o conceito de \u2018or\u00e7amento\u2019 de uma empresa correspondia ao conceito de \u2018encomenda\u2019 de outra, ou que um documento cr\u00edtico para uma entidade fosse reconhecido como uma valida\u00e7\u00e3o de fornecedor para outra. Com o apoio da AI, esta intermedia\u00e7\u00e3o \u00e9 muito mais eficiente, reduz o trabalho administrativo e aumenta a conectividade dos sistemas.<\/p>\n\n\n\n<figure class=\"wp-block-image\"><img fetchpriority=\"high\" decoding=\"async\" src=\"https:\/\/blog.infraspeak.com\/wp-content\/uploads\/2025\/03\/LuisMartins_3-scaled.jpg\" alt=\"\" class=\"wp-image-31612\" width=\"2560\" height=\"2416\" srcset=\"https:\/\/blog.infraspeak.com\/wp-content\/uploads\/2025\/03\/LuisMartins_3-scaled.jpg 2560w, https:\/\/blog.infraspeak.com\/wp-content\/uploads\/2025\/03\/LuisMartins_3-300x283.jpg 300w, https:\/\/blog.infraspeak.com\/wp-content\/uploads\/2025\/03\/LuisMartins_3-1024x967.jpg 1024w, https:\/\/blog.infraspeak.com\/wp-content\/uploads\/2025\/03\/LuisMartins_3-768x725.jpg 768w, https:\/\/blog.infraspeak.com\/wp-content\/uploads\/2025\/03\/LuisMartins_3-1536x1450.jpg 1536w, https:\/\/blog.infraspeak.com\/wp-content\/uploads\/2025\/03\/LuisMartins_3-2048x1933.jpg 2048w\" sizes=\"(max-width: 2560px) 100vw, 2560px\" \/><\/figure>\n\n\n\n<p><em><a href=\"https:\/\/www.linkedin.com\/in\/luis-newk\/?originalSubdomain=pt\" target=\"_blank\" rel=\"noreferrer noopener\">Lu\u00eds Martins<\/a>\u00a0e Eddie, Chief Barking Officer na Infraspeak<\/em><\/p>\n\n\n\n<p>Mas, ainda mais importante \u2014 e \u00e9 aqui que o jogo muda realmente \u2014, os LLM t\u00eam a capacidade de ler e interpretar dados de manuais ou documentos t\u00e9cnicos, por exemplo. No contexto de uma opera\u00e7\u00e3o de gest\u00e3o\/facility management, tal traduz-se na capacidade dos LLM, perante um problema ou avaria num determinado ativo, consultar o manual e indicar facilmente a causa raiz ou o que precisa de ser feito para resolver o problema.<\/p>\n\n\n\n<h5 class=\"wp-block-heading has-text-align-center\"><strong>Para al\u00e9m do impacto da AI, est\u00e1 tamb\u00e9m a ocorrer uma mudan\u00e7a significativa no desenvolvimento de produtos digitais.<\/strong><\/h5>\n\n\n\n<p>O software j\u00e1 n\u00e3o \u00e9 apenas uma solu\u00e7\u00e3o fechada e isolada, mas est\u00e1 a evoluir para plataformas abertas e flex\u00edveis. \u00c9 cada vez mais comum que estas sejam concebidas para operar dentro de um ecossistema integrado e conectar v\u00e1rias \u00e1reas. De forma ainda mais expressiva, tem havido uma preocupa\u00e7\u00e3o com a colabora\u00e7\u00e3o entre tecnologia\/equipas\/utilizadores finais, o que est\u00e1 a mudar a forma como os produtos s\u00e3o idealizados, seguindo agora uma abordagem centrada nas pessoas.<\/p>\n\n\n\n<p>Para um dos clientes da Infraspeak, o&nbsp;<a href=\"https:\/\/infraspeak.com\/pt-pt\/clientes\/caps-group\" target=\"_blank\" rel=\"noreferrer noopener\"><strong>Caps Group<\/strong> <\/a>\u2014 l\u00edder no Reino Unido no setor do mobili\u00e1rio e solu\u00e7\u00f5es de&nbsp;<em>fit-out<\/em>&nbsp;para retalho e hotelaria \u2014, a utiliza\u00e7\u00e3o da&nbsp;<a href=\"https:\/\/infraspeak.com\/pt-pt\/plataforma\/network\" target=\"_blank\" rel=\"noreferrer noopener\"><strong>Infraspeak Network\u2122<\/strong><\/a>&nbsp;e a concentra\u00e7\u00e3o da sua vasta rede de fornecedores num espa\u00e7o de trabalho partilhado melhorou a forma como geriam essas rela\u00e7\u00f5es e processos. A partilha de dados em tempo real tornou a comunica\u00e7\u00e3o mais \u00e1gil e eliminou erros, revelando-se uma verdadeira vantagem para todas as partes envolvidas \u2014 de facto, cerca de <strong>50% dos fornecedores do Caps Group tamb\u00e9m adotaram a&nbsp;Infraspeak Network\u2122<\/strong>.<\/p>\n\n\n\n<p><\/p>\n\n\n\n<figure class=\"wp-block-image size-full\"><img decoding=\"async\" src=\"https:\/\/blog.infraspeak.com\/wp-content\/uploads\/2025\/03\/image.png\" alt=\"\" class=\"wp-image-31854\" width=\"850\" height=\"2\" srcset=\"https:\/\/blog.infraspeak.com\/wp-content\/uploads\/2025\/03\/image.png 850w, https:\/\/blog.infraspeak.com\/wp-content\/uploads\/2025\/03\/image-300x1.png 300w, https:\/\/blog.infraspeak.com\/wp-content\/uploads\/2025\/03\/image-150x2.png 150w, https:\/\/blog.infraspeak.com\/wp-content\/uploads\/2025\/03\/image-768x2.png 768w\" sizes=\"(max-width: 850px) 100vw, 850px\" \/><\/figure>\n\n\n\n<h5 class=\"wp-block-heading has-text-align-center\"><strong>Estamos a assistir a um fluxo din\u00e2mico de informa\u00e7\u00e3o, que combate a forma\u00e7\u00e3o de silos organizacionais, onde diferentes equipas costumavam operar de forma isolada.<\/strong><\/h5>\n\n\n\n<p class=\"has-text-align-left\"><br>Com maior fluidez na troca de dados entre as partes, estou confiante de que todos podemos alcan\u00e7ar um n\u00edvel de colabora\u00e7\u00e3o muito mais avan\u00e7ado, garantindo uma maior efici\u00eancia operacional e promovendo uma abordagem unificada nas opera\u00e7\u00f5es de facility management.\u201d<\/p>\n","protected":false},"excerpt":{"rendered":"<p>Pergunt\u00e1mos a Lu\u00eds Martins, CTO e cofundador da Infraspeak, quais as tend\u00eancias tecnol\u00f3gicas que ele prev\u00ea que ir\u00e3o moldar a colabora\u00e7\u00e3o no facility management nos pr\u00f3ximos anos.<\/p>\n","protected":false},"author":54,"featured_media":31879,"comment_status":"closed","ping_status":"closed","sticky":false,"template":"","format":"standard","meta":{"content-type":"","footnotes":"","_wp_rev_ctl_limit":""},"categories":[334],"tags":[],"class_list":["post-31848","post","type-post","status-publish","format-standard","has-post-thumbnail","hentry","category-plataforma"],"yoast_head":"<!-- This site is optimized with the Yoast SEO plugin v27.3 - https:\/\/yoast.com\/product\/yoast-seo-wordpress\/ -->\n<title>Como a tecnologia est\u00e1 a moldar a colabora\u00e7\u00e3o no facility management. A vis\u00e3o do nosso CTO &#8226; Infraspeak Blog<\/title>\n<meta name=\"description\" content=\"A tecnologia est\u00e1 a transformar a colabora\u00e7\u00e3o no facility management. Descubra como com o CTO da Infraspeak.\" \/>\n<meta name=\"robots\" content=\"index, follow, max-snippet:-1, max-image-preview:large, max-video-preview:-1\" \/>\n<link rel=\"canonical\" href=\"https:\/\/blog.infraspeak.com\/pt-pt\/through-the-leadership-lens-colaboracao\/\" \/>\n<meta property=\"og:locale\" content=\"pt_PT\" \/>\n<meta property=\"og:type\" content=\"article\" \/>\n<meta property=\"og:title\" content=\"Como a tecnologia est\u00e1 a moldar a colabora\u00e7\u00e3o no facility management. A vis\u00e3o do nosso CTO &#8226; Infraspeak Blog\" \/>\n<meta property=\"og:description\" content=\"A tecnologia est\u00e1 a transformar a colabora\u00e7\u00e3o no facility management. Descubra como com o CTO da Infraspeak.\" \/>\n<meta property=\"og:url\" content=\"https:\/\/blog.infraspeak.com\/pt-pt\/through-the-leadership-lens-colaboracao\/\" \/>\n<meta property=\"og:site_name\" content=\"Infraspeak Blog\" \/>\n<meta property=\"article:publisher\" content=\"https:\/\/www.facebook.com\/infraspeakmaintenance\" \/>\n<meta property=\"article:published_time\" content=\"2025-03-20T15:05:17+00:00\" \/>\n<meta property=\"article:modified_time\" content=\"2025-03-20T16:08:27+00:00\" \/>\n<meta property=\"og:image\" content=\"https:\/\/blog.infraspeak.com\/wp-content\/uploads\/2025\/03\/luis-martins-colaboracao.webp\" \/>\n\t<meta property=\"og:image:width\" content=\"1440\" \/>\n\t<meta property=\"og:image:height\" content=\"774\" \/>\n\t<meta property=\"og:image:type\" content=\"image\/webp\" \/>\n<meta name=\"author\" content=\"Infraspeak Team\" \/>\n<meta name=\"twitter:card\" content=\"summary_large_image\" \/>\n<meta name=\"twitter:creator\" content=\"@infraspeak\" \/>\n<meta name=\"twitter:site\" content=\"@infraspeak\" \/>\n<meta name=\"twitter:label1\" content=\"Escrito por\" \/>\n\t<meta name=\"twitter:data1\" content=\"Infraspeak Team\" \/>\n\t<meta name=\"twitter:label2\" content=\"Tempo estimado de leitura\" \/>\n\t<meta name=\"twitter:data2\" content=\"3 minutos\" \/>\n<script type=\"application\/ld+json\" class=\"yoast-schema-graph\">{\"@context\":\"https:\\\/\\\/schema.org\",\"@graph\":[{\"@type\":\"Article\",\"@id\":\"https:\\\/\\\/blog.infraspeak.com\\\/pt-pt\\\/through-the-leadership-lens-colaboracao\\\/#article\",\"isPartOf\":{\"@id\":\"https:\\\/\\\/blog.infraspeak.com\\\/pt-pt\\\/through-the-leadership-lens-colaboracao\\\/\"},\"author\":{\"name\":\"Infraspeak Team\",\"@id\":\"https:\\\/\\\/blog.infraspeak.com\\\/pt-pt\\\/#\\\/schema\\\/person\\\/b53887f01881a658b4cc1bf25f2d4377\"},\"headline\":\"Como a tecnologia est\u00e1 a moldar a colabora\u00e7\u00e3o no facility management. A vis\u00e3o do nosso CTO\",\"datePublished\":\"2025-03-20T15:05:17+00:00\",\"dateModified\":\"2025-03-20T16:08:27+00:00\",\"mainEntityOfPage\":{\"@id\":\"https:\\\/\\\/blog.infraspeak.com\\\/pt-pt\\\/through-the-leadership-lens-colaboracao\\\/\"},\"wordCount\":589,\"publisher\":{\"@id\":\"https:\\\/\\\/blog.infraspeak.com\\\/pt-pt\\\/#organization\"},\"image\":{\"@id\":\"https:\\\/\\\/blog.infraspeak.com\\\/pt-pt\\\/through-the-leadership-lens-colaboracao\\\/#primaryimage\"},\"thumbnailUrl\":\"https:\\\/\\\/blog.infraspeak.com\\\/wp-content\\\/uploads\\\/2025\\\/03\\\/luis-martins-colaboracao.webp\",\"articleSection\":[\"Infraspeak\"],\"inLanguage\":\"pt-PT\"},{\"@type\":\"WebPage\",\"@id\":\"https:\\\/\\\/blog.infraspeak.com\\\/pt-pt\\\/through-the-leadership-lens-colaboracao\\\/\",\"url\":\"https:\\\/\\\/blog.infraspeak.com\\\/pt-pt\\\/through-the-leadership-lens-colaboracao\\\/\",\"name\":\"Como a tecnologia est\u00e1 a moldar a colabora\u00e7\u00e3o no facility management. A vis\u00e3o do nosso CTO &#8226; Infraspeak Blog\",\"isPartOf\":{\"@id\":\"https:\\\/\\\/blog.infraspeak.com\\\/pt-pt\\\/#website\"},\"primaryImageOfPage\":{\"@id\":\"https:\\\/\\\/blog.infraspeak.com\\\/pt-pt\\\/through-the-leadership-lens-colaboracao\\\/#primaryimage\"},\"image\":{\"@id\":\"https:\\\/\\\/blog.infraspeak.com\\\/pt-pt\\\/through-the-leadership-lens-colaboracao\\\/#primaryimage\"},\"thumbnailUrl\":\"https:\\\/\\\/blog.infraspeak.com\\\/wp-content\\\/uploads\\\/2025\\\/03\\\/luis-martins-colaboracao.webp\",\"datePublished\":\"2025-03-20T15:05:17+00:00\",\"dateModified\":\"2025-03-20T16:08:27+00:00\",\"description\":\"A tecnologia est\u00e1 a transformar a colabora\u00e7\u00e3o no facility management. Descubra como com o CTO da Infraspeak.\",\"breadcrumb\":{\"@id\":\"https:\\\/\\\/blog.infraspeak.com\\\/pt-pt\\\/through-the-leadership-lens-colaboracao\\\/#breadcrumb\"},\"inLanguage\":\"pt-PT\",\"potentialAction\":[{\"@type\":\"ReadAction\",\"target\":[\"https:\\\/\\\/blog.infraspeak.com\\\/pt-pt\\\/through-the-leadership-lens-colaboracao\\\/\"]}]},{\"@type\":\"ImageObject\",\"inLanguage\":\"pt-PT\",\"@id\":\"https:\\\/\\\/blog.infraspeak.com\\\/pt-pt\\\/through-the-leadership-lens-colaboracao\\\/#primaryimage\",\"url\":\"https:\\\/\\\/blog.infraspeak.com\\\/wp-content\\\/uploads\\\/2025\\\/03\\\/luis-martins-colaboracao.webp\",\"contentUrl\":\"https:\\\/\\\/blog.infraspeak.com\\\/wp-content\\\/uploads\\\/2025\\\/03\\\/luis-martins-colaboracao.webp\",\"width\":1440,\"height\":774,\"caption\":\"luis-martins-colaboracao\"},{\"@type\":\"BreadcrumbList\",\"@id\":\"https:\\\/\\\/blog.infraspeak.com\\\/pt-pt\\\/through-the-leadership-lens-colaboracao\\\/#breadcrumb\",\"itemListElement\":[{\"@type\":\"ListItem\",\"position\":1,\"name\":\"Home\",\"item\":\"https:\\\/\\\/blog.infraspeak.com\\\/\"},{\"@type\":\"ListItem\",\"position\":2,\"name\":\"Como a tecnologia est\u00e1 a moldar a colabora\u00e7\u00e3o no facility management. A vis\u00e3o do nosso CTO\"}]},{\"@type\":\"WebSite\",\"@id\":\"https:\\\/\\\/blog.infraspeak.com\\\/pt-pt\\\/#website\",\"url\":\"https:\\\/\\\/blog.infraspeak.com\\\/pt-pt\\\/\",\"name\":\"Infraspeak Blog\",\"description\":\"All About Maintenance and Facilities Management\",\"publisher\":{\"@id\":\"https:\\\/\\\/blog.infraspeak.com\\\/pt-pt\\\/#organization\"},\"potentialAction\":[{\"@type\":\"SearchAction\",\"target\":{\"@type\":\"EntryPoint\",\"urlTemplate\":\"https:\\\/\\\/blog.infraspeak.com\\\/pt-pt\\\/?s={search_term_string}\"},\"query-input\":{\"@type\":\"PropertyValueSpecification\",\"valueRequired\":true,\"valueName\":\"search_term_string\"}}],\"inLanguage\":\"pt-PT\"},{\"@type\":\"Organization\",\"@id\":\"https:\\\/\\\/blog.infraspeak.com\\\/pt-pt\\\/#organization\",\"name\":\"Infraspeak\",\"url\":\"https:\\\/\\\/blog.infraspeak.com\\\/pt-pt\\\/\",\"logo\":{\"@type\":\"ImageObject\",\"inLanguage\":\"pt-PT\",\"@id\":\"https:\\\/\\\/blog.infraspeak.com\\\/pt-pt\\\/#\\\/schema\\\/logo\\\/image\\\/\",\"url\":\"https:\\\/\\\/blog.infraspeak.com\\\/wp-content\\\/uploads\\\/2018\\\/11\\\/is-logo@2x.png\",\"contentUrl\":\"https:\\\/\\\/blog.infraspeak.com\\\/wp-content\\\/uploads\\\/2018\\\/11\\\/is-logo@2x.png\",\"width\":544,\"height\":180,\"caption\":\"Infraspeak\"},\"image\":{\"@id\":\"https:\\\/\\\/blog.infraspeak.com\\\/pt-pt\\\/#\\\/schema\\\/logo\\\/image\\\/\"},\"sameAs\":[\"https:\\\/\\\/www.facebook.com\\\/infraspeakmaintenance\",\"https:\\\/\\\/x.com\\\/infraspeak\",\"https:\\\/\\\/www.instagram.com\\\/infraspeak\\\/\",\"http:\\\/\\\/www.linkedin.com\\\/company\\\/infraspeak\",\"https:\\\/\\\/www.youtube.com\\\/channel\\\/UCOdjKyhSD9RJbRhuP-S8Avw\"]},{\"@type\":\"Person\",\"@id\":\"https:\\\/\\\/blog.infraspeak.com\\\/pt-pt\\\/#\\\/schema\\\/person\\\/b53887f01881a658b4cc1bf25f2d4377\",\"name\":\"Infraspeak Team\",\"image\":{\"@type\":\"ImageObject\",\"inLanguage\":\"pt-PT\",\"@id\":\"https:\\\/\\\/blog.infraspeak.com\\\/wp-content\\\/uploads\\\/2023\\\/02\\\/296167549_2627985274000609_8314221938057526692_n-120x120.jpg\",\"url\":\"https:\\\/\\\/blog.infraspeak.com\\\/wp-content\\\/uploads\\\/2023\\\/02\\\/296167549_2627985274000609_8314221938057526692_n-120x120.jpg\",\"contentUrl\":\"https:\\\/\\\/blog.infraspeak.com\\\/wp-content\\\/uploads\\\/2023\\\/02\\\/296167549_2627985274000609_8314221938057526692_n-120x120.jpg\",\"caption\":\"Infraspeak Team\"},\"url\":\"https:\\\/\\\/blog.infraspeak.com\\\/pt-pt\\\/author\\\/infraspeakteam\\\/\"}]}<\/script>\n<!-- \/ Yoast SEO plugin. -->","yoast_head_json":{"title":"Como a tecnologia est\u00e1 a moldar a colabora\u00e7\u00e3o no facility management. A vis\u00e3o do nosso CTO &#8226; Infraspeak Blog","description":"A tecnologia est\u00e1 a transformar a colabora\u00e7\u00e3o no facility management. Descubra como com o CTO da Infraspeak.","robots":{"index":"index","follow":"follow","max-snippet":"max-snippet:-1","max-image-preview":"max-image-preview:large","max-video-preview":"max-video-preview:-1"},"canonical":"https:\/\/blog.infraspeak.com\/pt-pt\/through-the-leadership-lens-colaboracao\/","og_locale":"pt_PT","og_type":"article","og_title":"Como a tecnologia est\u00e1 a moldar a colabora\u00e7\u00e3o no facility management. A vis\u00e3o do nosso CTO &#8226; Infraspeak Blog","og_description":"A tecnologia est\u00e1 a transformar a colabora\u00e7\u00e3o no facility management. Descubra como com o CTO da Infraspeak.","og_url":"https:\/\/blog.infraspeak.com\/pt-pt\/through-the-leadership-lens-colaboracao\/","og_site_name":"Infraspeak Blog","article_publisher":"https:\/\/www.facebook.com\/infraspeakmaintenance","article_published_time":"2025-03-20T15:05:17+00:00","article_modified_time":"2025-03-20T16:08:27+00:00","og_image":[{"width":1440,"height":774,"url":"https:\/\/blog.infraspeak.com\/wp-content\/uploads\/2025\/03\/luis-martins-colaboracao.webp","type":"image\/webp"}],"author":"Infraspeak Team","twitter_card":"summary_large_image","twitter_creator":"@infraspeak","twitter_site":"@infraspeak","twitter_misc":{"Escrito por":"Infraspeak Team","Tempo estimado de leitura":"3 minutos"},"schema":{"@context":"https:\/\/schema.org","@graph":[{"@type":"Article","@id":"https:\/\/blog.infraspeak.com\/pt-pt\/through-the-leadership-lens-colaboracao\/#article","isPartOf":{"@id":"https:\/\/blog.infraspeak.com\/pt-pt\/through-the-leadership-lens-colaboracao\/"},"author":{"name":"Infraspeak Team","@id":"https:\/\/blog.infraspeak.com\/pt-pt\/#\/schema\/person\/b53887f01881a658b4cc1bf25f2d4377"},"headline":"Como a tecnologia est\u00e1 a moldar a colabora\u00e7\u00e3o no facility management. A vis\u00e3o do nosso CTO","datePublished":"2025-03-20T15:05:17+00:00","dateModified":"2025-03-20T16:08:27+00:00","mainEntityOfPage":{"@id":"https:\/\/blog.infraspeak.com\/pt-pt\/through-the-leadership-lens-colaboracao\/"},"wordCount":589,"publisher":{"@id":"https:\/\/blog.infraspeak.com\/pt-pt\/#organization"},"image":{"@id":"https:\/\/blog.infraspeak.com\/pt-pt\/through-the-leadership-lens-colaboracao\/#primaryimage"},"thumbnailUrl":"https:\/\/blog.infraspeak.com\/wp-content\/uploads\/2025\/03\/luis-martins-colaboracao.webp","articleSection":["Infraspeak"],"inLanguage":"pt-PT"},{"@type":"WebPage","@id":"https:\/\/blog.infraspeak.com\/pt-pt\/through-the-leadership-lens-colaboracao\/","url":"https:\/\/blog.infraspeak.com\/pt-pt\/through-the-leadership-lens-colaboracao\/","name":"Como a tecnologia est\u00e1 a moldar a colabora\u00e7\u00e3o no facility management. A vis\u00e3o do nosso CTO &#8226; Infraspeak Blog","isPartOf":{"@id":"https:\/\/blog.infraspeak.com\/pt-pt\/#website"},"primaryImageOfPage":{"@id":"https:\/\/blog.infraspeak.com\/pt-pt\/through-the-leadership-lens-colaboracao\/#primaryimage"},"image":{"@id":"https:\/\/blog.infraspeak.com\/pt-pt\/through-the-leadership-lens-colaboracao\/#primaryimage"},"thumbnailUrl":"https:\/\/blog.infraspeak.com\/wp-content\/uploads\/2025\/03\/luis-martins-colaboracao.webp","datePublished":"2025-03-20T15:05:17+00:00","dateModified":"2025-03-20T16:08:27+00:00","description":"A tecnologia est\u00e1 a transformar a colabora\u00e7\u00e3o no facility management. Descubra como com o CTO da Infraspeak.","breadcrumb":{"@id":"https:\/\/blog.infraspeak.com\/pt-pt\/through-the-leadership-lens-colaboracao\/#breadcrumb"},"inLanguage":"pt-PT","potentialAction":[{"@type":"ReadAction","target":["https:\/\/blog.infraspeak.com\/pt-pt\/through-the-leadership-lens-colaboracao\/"]}]},{"@type":"ImageObject","inLanguage":"pt-PT","@id":"https:\/\/blog.infraspeak.com\/pt-pt\/through-the-leadership-lens-colaboracao\/#primaryimage","url":"https:\/\/blog.infraspeak.com\/wp-content\/uploads\/2025\/03\/luis-martins-colaboracao.webp","contentUrl":"https:\/\/blog.infraspeak.com\/wp-content\/uploads\/2025\/03\/luis-martins-colaboracao.webp","width":1440,"height":774,"caption":"luis-martins-colaboracao"},{"@type":"BreadcrumbList","@id":"https:\/\/blog.infraspeak.com\/pt-pt\/through-the-leadership-lens-colaboracao\/#breadcrumb","itemListElement":[{"@type":"ListItem","position":1,"name":"Home","item":"https:\/\/blog.infraspeak.com\/"},{"@type":"ListItem","position":2,"name":"Como a tecnologia est\u00e1 a moldar a colabora\u00e7\u00e3o no facility management. A vis\u00e3o do nosso CTO"}]},{"@type":"WebSite","@id":"https:\/\/blog.infraspeak.com\/pt-pt\/#website","url":"https:\/\/blog.infraspeak.com\/pt-pt\/","name":"Infraspeak Blog","description":"All About Maintenance and Facilities Management","publisher":{"@id":"https:\/\/blog.infraspeak.com\/pt-pt\/#organization"},"potentialAction":[{"@type":"SearchAction","target":{"@type":"EntryPoint","urlTemplate":"https:\/\/blog.infraspeak.com\/pt-pt\/?s={search_term_string}"},"query-input":{"@type":"PropertyValueSpecification","valueRequired":true,"valueName":"search_term_string"}}],"inLanguage":"pt-PT"},{"@type":"Organization","@id":"https:\/\/blog.infraspeak.com\/pt-pt\/#organization","name":"Infraspeak","url":"https:\/\/blog.infraspeak.com\/pt-pt\/","logo":{"@type":"ImageObject","inLanguage":"pt-PT","@id":"https:\/\/blog.infraspeak.com\/pt-pt\/#\/schema\/logo\/image\/","url":"https:\/\/blog.infraspeak.com\/wp-content\/uploads\/2018\/11\/is-logo@2x.png","contentUrl":"https:\/\/blog.infraspeak.com\/wp-content\/uploads\/2018\/11\/is-logo@2x.png","width":544,"height":180,"caption":"Infraspeak"},"image":{"@id":"https:\/\/blog.infraspeak.com\/pt-pt\/#\/schema\/logo\/image\/"},"sameAs":["https:\/\/www.facebook.com\/infraspeakmaintenance","https:\/\/x.com\/infraspeak","https:\/\/www.instagram.com\/infraspeak\/","http:\/\/www.linkedin.com\/company\/infraspeak","https:\/\/www.youtube.com\/channel\/UCOdjKyhSD9RJbRhuP-S8Avw"]},{"@type":"Person","@id":"https:\/\/blog.infraspeak.com\/pt-pt\/#\/schema\/person\/b53887f01881a658b4cc1bf25f2d4377","name":"Infraspeak Team","image":{"@type":"ImageObject","inLanguage":"pt-PT","@id":"https:\/\/blog.infraspeak.com\/wp-content\/uploads\/2023\/02\/296167549_2627985274000609_8314221938057526692_n-120x120.jpg","url":"https:\/\/blog.infraspeak.com\/wp-content\/uploads\/2023\/02\/296167549_2627985274000609_8314221938057526692_n-120x120.jpg","contentUrl":"https:\/\/blog.infraspeak.com\/wp-content\/uploads\/2023\/02\/296167549_2627985274000609_8314221938057526692_n-120x120.jpg","caption":"Infraspeak Team"},"url":"https:\/\/blog.infraspeak.com\/pt-pt\/author\/infraspeakteam\/"}]}},"_links":{"self":[{"href":"https:\/\/blog.infraspeak.com\/pt-pt\/wp-json\/wp\/v2\/posts\/31848","targetHints":{"allow":["GET"]}}],"collection":[{"href":"https:\/\/blog.infraspeak.com\/pt-pt\/wp-json\/wp\/v2\/posts"}],"about":[{"href":"https:\/\/blog.infraspeak.com\/pt-pt\/wp-json\/wp\/v2\/types\/post"}],"author":[{"embeddable":true,"href":"https:\/\/blog.infraspeak.com\/pt-pt\/wp-json\/wp\/v2\/users\/54"}],"replies":[{"embeddable":true,"href":"https:\/\/blog.infraspeak.com\/pt-pt\/wp-json\/wp\/v2\/comments?post=31848"}],"version-history":[{"count":3,"href":"https:\/\/blog.infraspeak.com\/pt-pt\/wp-json\/wp\/v2\/posts\/31848\/revisions"}],"predecessor-version":[{"id":31887,"href":"https:\/\/blog.infraspeak.com\/pt-pt\/wp-json\/wp\/v2\/posts\/31848\/revisions\/31887"}],"wp:featuredmedia":[{"embeddable":true,"href":"https:\/\/blog.infraspeak.com\/pt-pt\/wp-json\/wp\/v2\/media\/31879"}],"wp:attachment":[{"href":"https:\/\/blog.infraspeak.com\/pt-pt\/wp-json\/wp\/v2\/media?parent=31848"}],"wp:term":[{"taxonomy":"category","embeddable":true,"href":"https:\/\/blog.infraspeak.com\/pt-pt\/wp-json\/wp\/v2\/categories?post=31848"},{"taxonomy":"post_tag","embeddable":true,"href":"https:\/\/blog.infraspeak.com\/pt-pt\/wp-json\/wp\/v2\/tags?post=31848"}],"curies":[{"name":"wp","href":"https:\/\/api.w.org\/{rel}","templated":true}]}}