{"id":25617,"date":"2023-07-27T10:47:38","date_gmt":"2023-07-27T10:47:38","guid":{"rendered":"https:\/\/blog.infraspeak.com\/?p=25617"},"modified":"2023-09-18T15:17:40","modified_gmt":"2023-09-18T15:17:40","slug":"temos-de-falar-sobre-salarios","status":"publish","type":"post","link":"https:\/\/blog.infraspeak.com\/pt-pt\/temos-de-falar-sobre-salarios\/","title":{"rendered":"Temos de falar sobre sal\u00e1rios. Uma entrevista com Hugo Rodrigues"},"content":{"rendered":"<div id=\"bsf_rt_marker\"><\/div>\n<p>A <a href=\"https:\/\/intelligenceformaintenance.com\/pt-pt\/\" target=\"_blank\" rel=\"noreferrer noopener\"><strong>comunidade IFM \u2014 Intelligence for Maintenance<\/strong> <\/a>reuniu profissionais do mundo do facility management e manuten\u00e7\u00e3o que partilham a sua paix\u00e3o pelo setor. Com o objetivo de compreender melhor as experi\u00eancias destes membros na comunidade e o seu interesse no nosso Estudo de Sal\u00e1rio e Benef\u00edcios em FM &amp; Manuten\u00e7\u00e3o, realiz\u00e1mos uma s\u00e9rie de conversas que hoje partilhamos.<\/p>\n\n\n\n<p>Nesta entrevista, fal\u00e1mos com<strong> <a href=\"https:\/\/www.linkedin.com\/in\/hugo-rodrigues-facility-manager\/\">Hugo Rodrigues<\/a><\/strong>, <strong>super membro destacado da IFM e especialista em gest\u00e3o de manuten\u00e7\u00e3o<\/strong> h\u00e1 quase 20 anos, para conhecer a sua perspetiva e experi\u00eancia.<\/p>\n\n\n\n<h3 class=\"wp-block-heading\"><strong>Conta-nos um pouco sobre a tua trajet\u00f3ria profissional e o que te levou a fazer parte da comunidade IFM.<\/strong><\/h3>\n\n\n\n<p>Embora esteja h\u00e1 19 anos na mesma organiza\u00e7\u00e3o, apenas nos \u00faltimos dois me identifiquei com uma categoria profissional, quer pelo percurso formativo que fui trilhando dentro da organiza\u00e7\u00e3o, quer pelo gosto e vontade de evoluir que me \u00e9 intr\u00ednseca. Essa motiva\u00e7\u00e3o foi possibilitando o meu crescimento e a minha envolv\u00eancia com a \u00e1rea de facility management e foi esse caminho que me trouxe \u00e0 comunidade IFM, e \u00e9 de louvar que existam estas iniciativas que&nbsp;nos permitem dar o nosso cunho.<\/p>\n\n\n\n<h3 class=\"wp-block-heading\"><strong>O que te motiva a ser parte ativa da comunidade IFM? Qual consideras ser o maior benef\u00edcio de ser membro da IFM?<\/strong><\/h3>\n\n\n\n<p>A principal motiva\u00e7\u00e3o est\u00e1 no est\u00edmulo necess\u00e1rio para que possamos pensar \u201cfora da caixa\u201d. Trata-se de uma \u00e1rea bastante exigente, nomeadamente a n\u00edvel de gest\u00e3o de tempo e de pessoas e, por esse motivo, \u00e9 natural que se viva numa bolha com o foco na atividade di\u00e1ria de cada organiza\u00e7\u00e3o. <\/p>\n\n\n\n<p>Ser parte ativa da comunidade \u00e9 sair dessa bolha, conhecer outras realidades, ver outras perspetivas de organiza\u00e7\u00e3o, trocar experi\u00eancias e oferecer\/receber insights sobre como superar obst\u00e1culos comuns,&nbsp;e nesse aspeto o enriquecimento profissional \u00e9 enorme e gratificante.&nbsp;<\/p>\n\n\n\n<h3 class=\"wp-block-heading\"><strong>O estudo sobre sal\u00e1rios e benef\u00edcios no setor de FM e manuten\u00e7\u00e3o \u00e9 uma iniciativa relevante. O que te&nbsp;impulsionou a participar e contribuir para a elabora\u00e7\u00e3o deste relat\u00f3rio?<\/strong><\/h3>\n\n\n\n<p>Pelo que posso observar \u2014 e apesar dos avan\u00e7os da atividade nos \u00faltimos anos \u2014 ainda existe pouco espa\u00e7o para os facility managers nas organiza\u00e7\u00f5es e, mais que isso, falta de valoriza\u00e7\u00e3o face ao seu real papel. Desta forma, \u00e9 necess\u00e1rio reunir v\u00e1rios insights que permitam dar, quer aos profissionais, quer \u00e0s organiza\u00e7\u00f5es, uma vis\u00e3o mais abrangente do setor e a sua devida valoriza\u00e7\u00e3o. Cabe a cada um de n\u00f3s, facility managers, dar esse contributo.<\/p>\n\n\n\n<h3 class=\"wp-block-heading\"><strong>Ao longo da tua carreira, enfrentaste algum desafio particular relacionado com compensa\u00e7\u00e3o e benchmark salarial? Se sim, como o superaste?<\/strong><\/h3>\n\n\n\n<p>O gosto pela atividade leva-me na busca de formas de valorizar a mesma, formas essas que passam por mostrar que um profissional que tenha uma vis\u00e3o macro de todas as \u00e1reas de atua\u00e7\u00e3o da organiza\u00e7\u00e3o \u00e9, sem d\u00favida, uma mais-valia nas suas opera\u00e7\u00f5es, na otimiza\u00e7\u00e3o dos seus custos e recursos e, consequentemente, no alcance de resultados positivos. <\/p>\n\n\n\n<p>N\u00e3o se trata apenas e s\u00f3 de ter uma vis\u00e3o global sobre a compensa\u00e7\u00e3o no setor, trata-se, sim, de perceber o grau de conhecimento do setor, o que podemos fazer e melhorar no futuro\u2026 Podemos mesmo dizer que se trata de um \u201cbenchmarking pessoal\u201d&nbsp;que permite ao profissional posicionar-se em diversos aspetos. \u00c9 importante construir uma rela\u00e7\u00e3o win-win entre a organiza\u00e7\u00e3o e o profissional de FM.<\/p>\n\n\n\n<h3 class=\"wp-block-heading\"><strong>Durante o \u00faltimo Facilities Show, em Londres, a contrata\u00e7\u00e3o foi mencionada como um dos principais desafios atuais das opera\u00e7\u00f5es. Como acreditas que este relat\u00f3rio sobre sal\u00e1rios e benef\u00edcios pode ajudar a abordar o problema?<\/strong><\/h3>\n\n\n\n<p>Penso que vem oferecer dados objetivos e precisos que podem ser usados por empregadores e candidatos para tomar decis\u00f5es durante os processos de contrata\u00e7\u00e3o e negocia\u00e7\u00e3o salarial. Isso pode levar a contrata\u00e7\u00f5es bem-sucedidas, maior atratividade da empresa para talentos qualificados e uma gest\u00e3o mais eficaz da remunera\u00e7\u00e3o dos funcion\u00e1rios.&nbsp;<\/p>\n\n\n\n<h3 class=\"wp-block-heading\"><strong>Na tua opini\u00e3o, como acreditas que este estudo pode beneficiar outros profissionais do setor de FM e manuten\u00e7\u00e3o? Que impacto acreditas que ter\u00e1 na comunidade IFM?<\/strong><\/h3>\n\n\n\n<p>Na verdade, penso que ser\u00e1 a\u00a0resposta a um conjunto de perguntas\u00a0que muitos profissionais fazem a si mesmos e que t\u00eam dificuldade em ver respondidas pela falta de informa\u00e7\u00e3o ou estudos desta natureza, e em espec\u00edfico neste setor. Em resumo, \u00e9 importante que aconte\u00e7am estas iniciativas, \u00e9 importante que as pessoas partilhem, que se ajudem, que tragam para cima da mesa novos assuntos, que discutam e encontrem ideias que dinamizem o FM como um todo.<\/p>\n\n\n\n<h3 class=\"wp-block-heading\">\u2014<\/h3>\n\n\n\n<p><em>Agradecemos aos nossos super membros IFM por partilharem as suas valiosas perspetivas e experi\u00eancias sobre o estudo de compensa\u00e7\u00e3o e benchmark salarial no setor do FM e manuten\u00e7\u00e3o. Juntos, fortalecemos a ind\u00fastria rumo a um futuro mais s\u00f3lido para os profissionais de facilities e manuten\u00e7\u00e3o.<\/em><\/p>\n","protected":false},"excerpt":{"rendered":"<p>Nesta entrevista, fal\u00e1mos com Hugo Rodrigues, super membro destacado da IFM especialista em gest\u00e3o de manuten\u00e7\u00e3o h\u00e1 quase 20 anos, para conhecer a sua perspetiva e experi\u00eancia.<\/p>\n","protected":false},"author":54,"featured_media":25624,"comment_status":"closed","ping_status":"closed","sticky":false,"template":"","format":"standard","meta":{"content-type":"","footnotes":"","_wp_rev_ctl_limit":""},"categories":[783],"tags":[],"class_list":["post-25617","post","type-post","status-publish","format-standard","has-post-thumbnail","hentry","category-comunidade-ifm"],"yoast_head":"<!-- This site is optimized with the Yoast SEO plugin v27.3 - https:\/\/yoast.com\/product\/yoast-seo-wordpress\/ -->\n<title>Temos de falar sobre sal\u00e1rios. Uma entrevista com Hugo Rodrigues &#8226; Infraspeak Blog<\/title>\n<meta name=\"description\" content=\"Nesta entrevista, fal\u00e1mos com Hugo Rodrigues, super membro destacado da IFM e especialista em gest\u00e3o de manuten\u00e7\u00e3o h\u00e1 quase 20 anos.\" \/>\n<meta name=\"robots\" content=\"index, follow, max-snippet:-1, max-image-preview:large, max-video-preview:-1\" \/>\n<link rel=\"canonical\" href=\"https:\/\/blog.infraspeak.com\/pt-pt\/temos-de-falar-sobre-salarios\/\" \/>\n<meta property=\"og:locale\" content=\"pt_PT\" \/>\n<meta property=\"og:type\" content=\"article\" \/>\n<meta property=\"og:title\" content=\"Temos de falar sobre sal\u00e1rios. Uma entrevista com Hugo Rodrigues &#8226; Infraspeak Blog\" \/>\n<meta property=\"og:description\" content=\"Nesta entrevista, fal\u00e1mos com Hugo Rodrigues, super membro destacado da IFM e especialista em gest\u00e3o de manuten\u00e7\u00e3o h\u00e1 quase 20 anos.\" \/>\n<meta property=\"og:url\" content=\"https:\/\/blog.infraspeak.com\/pt-pt\/temos-de-falar-sobre-salarios\/\" \/>\n<meta property=\"og:site_name\" content=\"Infraspeak Blog\" \/>\n<meta property=\"article:publisher\" content=\"https:\/\/www.facebook.com\/infraspeakmaintenance\" \/>\n<meta property=\"article:published_time\" content=\"2023-07-27T10:47:38+00:00\" \/>\n<meta property=\"article:modified_time\" content=\"2023-09-18T15:17:40+00:00\" \/>\n<meta property=\"og:image\" content=\"https:\/\/blog.infraspeak.com\/wp-content\/uploads\/2023\/07\/1000x666-1.png\" \/>\n\t<meta property=\"og:image:width\" content=\"1000\" \/>\n\t<meta property=\"og:image:height\" content=\"666\" \/>\n\t<meta property=\"og:image:type\" content=\"image\/png\" \/>\n<meta name=\"author\" content=\"Infraspeak Team\" \/>\n<meta name=\"twitter:card\" content=\"summary_large_image\" \/>\n<meta name=\"twitter:creator\" content=\"@infraspeak\" \/>\n<meta name=\"twitter:site\" content=\"@infraspeak\" \/>\n<meta name=\"twitter:label1\" content=\"Escrito por\" \/>\n\t<meta name=\"twitter:data1\" content=\"Infraspeak Team\" \/>\n\t<meta name=\"twitter:label2\" content=\"Tempo estimado de leitura\" \/>\n\t<meta name=\"twitter:data2\" content=\"4 minutos\" \/>\n<script type=\"application\/ld+json\" class=\"yoast-schema-graph\">{\"@context\":\"https:\\\/\\\/schema.org\",\"@graph\":[{\"@type\":\"Article\",\"@id\":\"https:\\\/\\\/blog.infraspeak.com\\\/pt-pt\\\/temos-de-falar-sobre-salarios\\\/#article\",\"isPartOf\":{\"@id\":\"https:\\\/\\\/blog.infraspeak.com\\\/pt-pt\\\/temos-de-falar-sobre-salarios\\\/\"},\"author\":{\"name\":\"Infraspeak Team\",\"@id\":\"https:\\\/\\\/blog.infraspeak.com\\\/pt-pt\\\/#\\\/schema\\\/person\\\/b53887f01881a658b4cc1bf25f2d4377\"},\"headline\":\"Temos de falar sobre sal\u00e1rios. Uma entrevista com Hugo Rodrigues\",\"datePublished\":\"2023-07-27T10:47:38+00:00\",\"dateModified\":\"2023-09-18T15:17:40+00:00\",\"mainEntityOfPage\":{\"@id\":\"https:\\\/\\\/blog.infraspeak.com\\\/pt-pt\\\/temos-de-falar-sobre-salarios\\\/\"},\"wordCount\":853,\"publisher\":{\"@id\":\"https:\\\/\\\/blog.infraspeak.com\\\/pt-pt\\\/#organization\"},\"image\":{\"@id\":\"https:\\\/\\\/blog.infraspeak.com\\\/pt-pt\\\/temos-de-falar-sobre-salarios\\\/#primaryimage\"},\"thumbnailUrl\":\"https:\\\/\\\/blog.infraspeak.com\\\/wp-content\\\/uploads\\\/2023\\\/07\\\/1000x666-1.png\",\"articleSection\":[\"Comunidade IFM\"],\"inLanguage\":\"pt-PT\"},{\"@type\":\"WebPage\",\"@id\":\"https:\\\/\\\/blog.infraspeak.com\\\/pt-pt\\\/temos-de-falar-sobre-salarios\\\/\",\"url\":\"https:\\\/\\\/blog.infraspeak.com\\\/pt-pt\\\/temos-de-falar-sobre-salarios\\\/\",\"name\":\"Temos de falar sobre sal\u00e1rios. Uma entrevista com Hugo Rodrigues &#8226; Infraspeak Blog\",\"isPartOf\":{\"@id\":\"https:\\\/\\\/blog.infraspeak.com\\\/pt-pt\\\/#website\"},\"primaryImageOfPage\":{\"@id\":\"https:\\\/\\\/blog.infraspeak.com\\\/pt-pt\\\/temos-de-falar-sobre-salarios\\\/#primaryimage\"},\"image\":{\"@id\":\"https:\\\/\\\/blog.infraspeak.com\\\/pt-pt\\\/temos-de-falar-sobre-salarios\\\/#primaryimage\"},\"thumbnailUrl\":\"https:\\\/\\\/blog.infraspeak.com\\\/wp-content\\\/uploads\\\/2023\\\/07\\\/1000x666-1.png\",\"datePublished\":\"2023-07-27T10:47:38+00:00\",\"dateModified\":\"2023-09-18T15:17:40+00:00\",\"description\":\"Nesta entrevista, fal\u00e1mos com Hugo Rodrigues, super membro destacado da IFM e especialista em gest\u00e3o de manuten\u00e7\u00e3o h\u00e1 quase 20 anos.\",\"breadcrumb\":{\"@id\":\"https:\\\/\\\/blog.infraspeak.com\\\/pt-pt\\\/temos-de-falar-sobre-salarios\\\/#breadcrumb\"},\"inLanguage\":\"pt-PT\",\"potentialAction\":[{\"@type\":\"ReadAction\",\"target\":[\"https:\\\/\\\/blog.infraspeak.com\\\/pt-pt\\\/temos-de-falar-sobre-salarios\\\/\"]}]},{\"@type\":\"ImageObject\",\"inLanguage\":\"pt-PT\",\"@id\":\"https:\\\/\\\/blog.infraspeak.com\\\/pt-pt\\\/temos-de-falar-sobre-salarios\\\/#primaryimage\",\"url\":\"https:\\\/\\\/blog.infraspeak.com\\\/wp-content\\\/uploads\\\/2023\\\/07\\\/1000x666-1.png\",\"contentUrl\":\"https:\\\/\\\/blog.infraspeak.com\\\/wp-content\\\/uploads\\\/2023\\\/07\\\/1000x666-1.png\",\"width\":1000,\"height\":666,\"caption\":\"salarios e compensacao em FM\"},{\"@type\":\"BreadcrumbList\",\"@id\":\"https:\\\/\\\/blog.infraspeak.com\\\/pt-pt\\\/temos-de-falar-sobre-salarios\\\/#breadcrumb\",\"itemListElement\":[{\"@type\":\"ListItem\",\"position\":1,\"name\":\"Home\",\"item\":\"https:\\\/\\\/blog.infraspeak.com\\\/\"},{\"@type\":\"ListItem\",\"position\":2,\"name\":\"Temos de falar sobre sal\u00e1rios. Uma entrevista com Hugo Rodrigues\"}]},{\"@type\":\"WebSite\",\"@id\":\"https:\\\/\\\/blog.infraspeak.com\\\/pt-pt\\\/#website\",\"url\":\"https:\\\/\\\/blog.infraspeak.com\\\/pt-pt\\\/\",\"name\":\"Infraspeak Blog\",\"description\":\"All About Maintenance and Facilities Management\",\"publisher\":{\"@id\":\"https:\\\/\\\/blog.infraspeak.com\\\/pt-pt\\\/#organization\"},\"potentialAction\":[{\"@type\":\"SearchAction\",\"target\":{\"@type\":\"EntryPoint\",\"urlTemplate\":\"https:\\\/\\\/blog.infraspeak.com\\\/pt-pt\\\/?s={search_term_string}\"},\"query-input\":{\"@type\":\"PropertyValueSpecification\",\"valueRequired\":true,\"valueName\":\"search_term_string\"}}],\"inLanguage\":\"pt-PT\"},{\"@type\":\"Organization\",\"@id\":\"https:\\\/\\\/blog.infraspeak.com\\\/pt-pt\\\/#organization\",\"name\":\"Infraspeak\",\"url\":\"https:\\\/\\\/blog.infraspeak.com\\\/pt-pt\\\/\",\"logo\":{\"@type\":\"ImageObject\",\"inLanguage\":\"pt-PT\",\"@id\":\"https:\\\/\\\/blog.infraspeak.com\\\/pt-pt\\\/#\\\/schema\\\/logo\\\/image\\\/\",\"url\":\"https:\\\/\\\/blog.infraspeak.com\\\/wp-content\\\/uploads\\\/2018\\\/11\\\/is-logo@2x.png\",\"contentUrl\":\"https:\\\/\\\/blog.infraspeak.com\\\/wp-content\\\/uploads\\\/2018\\\/11\\\/is-logo@2x.png\",\"width\":544,\"height\":180,\"caption\":\"Infraspeak\"},\"image\":{\"@id\":\"https:\\\/\\\/blog.infraspeak.com\\\/pt-pt\\\/#\\\/schema\\\/logo\\\/image\\\/\"},\"sameAs\":[\"https:\\\/\\\/www.facebook.com\\\/infraspeakmaintenance\",\"https:\\\/\\\/x.com\\\/infraspeak\",\"https:\\\/\\\/www.instagram.com\\\/infraspeak\\\/\",\"http:\\\/\\\/www.linkedin.com\\\/company\\\/infraspeak\",\"https:\\\/\\\/www.youtube.com\\\/channel\\\/UCOdjKyhSD9RJbRhuP-S8Avw\"]},{\"@type\":\"Person\",\"@id\":\"https:\\\/\\\/blog.infraspeak.com\\\/pt-pt\\\/#\\\/schema\\\/person\\\/b53887f01881a658b4cc1bf25f2d4377\",\"name\":\"Infraspeak Team\",\"image\":{\"@type\":\"ImageObject\",\"inLanguage\":\"pt-PT\",\"@id\":\"https:\\\/\\\/blog.infraspeak.com\\\/wp-content\\\/uploads\\\/2023\\\/02\\\/296167549_2627985274000609_8314221938057526692_n-120x120.jpg\",\"url\":\"https:\\\/\\\/blog.infraspeak.com\\\/wp-content\\\/uploads\\\/2023\\\/02\\\/296167549_2627985274000609_8314221938057526692_n-120x120.jpg\",\"contentUrl\":\"https:\\\/\\\/blog.infraspeak.com\\\/wp-content\\\/uploads\\\/2023\\\/02\\\/296167549_2627985274000609_8314221938057526692_n-120x120.jpg\",\"caption\":\"Infraspeak Team\"},\"url\":\"https:\\\/\\\/blog.infraspeak.com\\\/pt-pt\\\/author\\\/infraspeakteam\\\/\"}]}<\/script>\n<!-- \/ Yoast SEO plugin. -->","yoast_head_json":{"title":"Temos de falar sobre sal\u00e1rios. Uma entrevista com Hugo Rodrigues &#8226; Infraspeak Blog","description":"Nesta entrevista, fal\u00e1mos com Hugo Rodrigues, super membro destacado da IFM e especialista em gest\u00e3o de manuten\u00e7\u00e3o h\u00e1 quase 20 anos.","robots":{"index":"index","follow":"follow","max-snippet":"max-snippet:-1","max-image-preview":"max-image-preview:large","max-video-preview":"max-video-preview:-1"},"canonical":"https:\/\/blog.infraspeak.com\/pt-pt\/temos-de-falar-sobre-salarios\/","og_locale":"pt_PT","og_type":"article","og_title":"Temos de falar sobre sal\u00e1rios. Uma entrevista com Hugo Rodrigues &#8226; Infraspeak Blog","og_description":"Nesta entrevista, fal\u00e1mos com Hugo Rodrigues, super membro destacado da IFM e especialista em gest\u00e3o de manuten\u00e7\u00e3o h\u00e1 quase 20 anos.","og_url":"https:\/\/blog.infraspeak.com\/pt-pt\/temos-de-falar-sobre-salarios\/","og_site_name":"Infraspeak Blog","article_publisher":"https:\/\/www.facebook.com\/infraspeakmaintenance","article_published_time":"2023-07-27T10:47:38+00:00","article_modified_time":"2023-09-18T15:17:40+00:00","og_image":[{"width":1000,"height":666,"url":"https:\/\/blog.infraspeak.com\/wp-content\/uploads\/2023\/07\/1000x666-1.png","type":"image\/png"}],"author":"Infraspeak Team","twitter_card":"summary_large_image","twitter_creator":"@infraspeak","twitter_site":"@infraspeak","twitter_misc":{"Escrito por":"Infraspeak Team","Tempo estimado de leitura":"4 minutos"},"schema":{"@context":"https:\/\/schema.org","@graph":[{"@type":"Article","@id":"https:\/\/blog.infraspeak.com\/pt-pt\/temos-de-falar-sobre-salarios\/#article","isPartOf":{"@id":"https:\/\/blog.infraspeak.com\/pt-pt\/temos-de-falar-sobre-salarios\/"},"author":{"name":"Infraspeak Team","@id":"https:\/\/blog.infraspeak.com\/pt-pt\/#\/schema\/person\/b53887f01881a658b4cc1bf25f2d4377"},"headline":"Temos de falar sobre sal\u00e1rios. Uma entrevista com Hugo Rodrigues","datePublished":"2023-07-27T10:47:38+00:00","dateModified":"2023-09-18T15:17:40+00:00","mainEntityOfPage":{"@id":"https:\/\/blog.infraspeak.com\/pt-pt\/temos-de-falar-sobre-salarios\/"},"wordCount":853,"publisher":{"@id":"https:\/\/blog.infraspeak.com\/pt-pt\/#organization"},"image":{"@id":"https:\/\/blog.infraspeak.com\/pt-pt\/temos-de-falar-sobre-salarios\/#primaryimage"},"thumbnailUrl":"https:\/\/blog.infraspeak.com\/wp-content\/uploads\/2023\/07\/1000x666-1.png","articleSection":["Comunidade IFM"],"inLanguage":"pt-PT"},{"@type":"WebPage","@id":"https:\/\/blog.infraspeak.com\/pt-pt\/temos-de-falar-sobre-salarios\/","url":"https:\/\/blog.infraspeak.com\/pt-pt\/temos-de-falar-sobre-salarios\/","name":"Temos de falar sobre sal\u00e1rios. Uma entrevista com Hugo Rodrigues &#8226; Infraspeak Blog","isPartOf":{"@id":"https:\/\/blog.infraspeak.com\/pt-pt\/#website"},"primaryImageOfPage":{"@id":"https:\/\/blog.infraspeak.com\/pt-pt\/temos-de-falar-sobre-salarios\/#primaryimage"},"image":{"@id":"https:\/\/blog.infraspeak.com\/pt-pt\/temos-de-falar-sobre-salarios\/#primaryimage"},"thumbnailUrl":"https:\/\/blog.infraspeak.com\/wp-content\/uploads\/2023\/07\/1000x666-1.png","datePublished":"2023-07-27T10:47:38+00:00","dateModified":"2023-09-18T15:17:40+00:00","description":"Nesta entrevista, fal\u00e1mos com Hugo Rodrigues, super membro destacado da IFM e especialista em gest\u00e3o de manuten\u00e7\u00e3o h\u00e1 quase 20 anos.","breadcrumb":{"@id":"https:\/\/blog.infraspeak.com\/pt-pt\/temos-de-falar-sobre-salarios\/#breadcrumb"},"inLanguage":"pt-PT","potentialAction":[{"@type":"ReadAction","target":["https:\/\/blog.infraspeak.com\/pt-pt\/temos-de-falar-sobre-salarios\/"]}]},{"@type":"ImageObject","inLanguage":"pt-PT","@id":"https:\/\/blog.infraspeak.com\/pt-pt\/temos-de-falar-sobre-salarios\/#primaryimage","url":"https:\/\/blog.infraspeak.com\/wp-content\/uploads\/2023\/07\/1000x666-1.png","contentUrl":"https:\/\/blog.infraspeak.com\/wp-content\/uploads\/2023\/07\/1000x666-1.png","width":1000,"height":666,"caption":"salarios e compensacao em FM"},{"@type":"BreadcrumbList","@id":"https:\/\/blog.infraspeak.com\/pt-pt\/temos-de-falar-sobre-salarios\/#breadcrumb","itemListElement":[{"@type":"ListItem","position":1,"name":"Home","item":"https:\/\/blog.infraspeak.com\/"},{"@type":"ListItem","position":2,"name":"Temos de falar sobre sal\u00e1rios. Uma entrevista com Hugo Rodrigues"}]},{"@type":"WebSite","@id":"https:\/\/blog.infraspeak.com\/pt-pt\/#website","url":"https:\/\/blog.infraspeak.com\/pt-pt\/","name":"Infraspeak Blog","description":"All About Maintenance and Facilities Management","publisher":{"@id":"https:\/\/blog.infraspeak.com\/pt-pt\/#organization"},"potentialAction":[{"@type":"SearchAction","target":{"@type":"EntryPoint","urlTemplate":"https:\/\/blog.infraspeak.com\/pt-pt\/?s={search_term_string}"},"query-input":{"@type":"PropertyValueSpecification","valueRequired":true,"valueName":"search_term_string"}}],"inLanguage":"pt-PT"},{"@type":"Organization","@id":"https:\/\/blog.infraspeak.com\/pt-pt\/#organization","name":"Infraspeak","url":"https:\/\/blog.infraspeak.com\/pt-pt\/","logo":{"@type":"ImageObject","inLanguage":"pt-PT","@id":"https:\/\/blog.infraspeak.com\/pt-pt\/#\/schema\/logo\/image\/","url":"https:\/\/blog.infraspeak.com\/wp-content\/uploads\/2018\/11\/is-logo@2x.png","contentUrl":"https:\/\/blog.infraspeak.com\/wp-content\/uploads\/2018\/11\/is-logo@2x.png","width":544,"height":180,"caption":"Infraspeak"},"image":{"@id":"https:\/\/blog.infraspeak.com\/pt-pt\/#\/schema\/logo\/image\/"},"sameAs":["https:\/\/www.facebook.com\/infraspeakmaintenance","https:\/\/x.com\/infraspeak","https:\/\/www.instagram.com\/infraspeak\/","http:\/\/www.linkedin.com\/company\/infraspeak","https:\/\/www.youtube.com\/channel\/UCOdjKyhSD9RJbRhuP-S8Avw"]},{"@type":"Person","@id":"https:\/\/blog.infraspeak.com\/pt-pt\/#\/schema\/person\/b53887f01881a658b4cc1bf25f2d4377","name":"Infraspeak Team","image":{"@type":"ImageObject","inLanguage":"pt-PT","@id":"https:\/\/blog.infraspeak.com\/wp-content\/uploads\/2023\/02\/296167549_2627985274000609_8314221938057526692_n-120x120.jpg","url":"https:\/\/blog.infraspeak.com\/wp-content\/uploads\/2023\/02\/296167549_2627985274000609_8314221938057526692_n-120x120.jpg","contentUrl":"https:\/\/blog.infraspeak.com\/wp-content\/uploads\/2023\/02\/296167549_2627985274000609_8314221938057526692_n-120x120.jpg","caption":"Infraspeak Team"},"url":"https:\/\/blog.infraspeak.com\/pt-pt\/author\/infraspeakteam\/"}]}},"_links":{"self":[{"href":"https:\/\/blog.infraspeak.com\/pt-pt\/wp-json\/wp\/v2\/posts\/25617","targetHints":{"allow":["GET"]}}],"collection":[{"href":"https:\/\/blog.infraspeak.com\/pt-pt\/wp-json\/wp\/v2\/posts"}],"about":[{"href":"https:\/\/blog.infraspeak.com\/pt-pt\/wp-json\/wp\/v2\/types\/post"}],"author":[{"embeddable":true,"href":"https:\/\/blog.infraspeak.com\/pt-pt\/wp-json\/wp\/v2\/users\/54"}],"replies":[{"embeddable":true,"href":"https:\/\/blog.infraspeak.com\/pt-pt\/wp-json\/wp\/v2\/comments?post=25617"}],"version-history":[{"count":12,"href":"https:\/\/blog.infraspeak.com\/pt-pt\/wp-json\/wp\/v2\/posts\/25617\/revisions"}],"predecessor-version":[{"id":26179,"href":"https:\/\/blog.infraspeak.com\/pt-pt\/wp-json\/wp\/v2\/posts\/25617\/revisions\/26179"}],"wp:featuredmedia":[{"embeddable":true,"href":"https:\/\/blog.infraspeak.com\/pt-pt\/wp-json\/wp\/v2\/media\/25624"}],"wp:attachment":[{"href":"https:\/\/blog.infraspeak.com\/pt-pt\/wp-json\/wp\/v2\/media?parent=25617"}],"wp:term":[{"taxonomy":"category","embeddable":true,"href":"https:\/\/blog.infraspeak.com\/pt-pt\/wp-json\/wp\/v2\/categories?post=25617"},{"taxonomy":"post_tag","embeddable":true,"href":"https:\/\/blog.infraspeak.com\/pt-pt\/wp-json\/wp\/v2\/tags?post=25617"}],"curies":[{"name":"wp","href":"https:\/\/api.w.org\/{rel}","templated":true}]}}