{"id":25159,"date":"2023-07-25T08:46:05","date_gmt":"2023-07-25T08:46:05","guid":{"rendered":"https:\/\/blog.infraspeak.com\/?p=25159"},"modified":"2024-10-24T18:01:27","modified_gmt":"2024-10-24T18:01:27","slug":"extensao-serie-a","status":"publish","type":"post","link":"https:\/\/blog.infraspeak.com\/pt-pt\/extensao-serie-a\/","title":{"rendered":"Anunciamos a nossa extens\u00e3o da S\u00e9rie A para 17,5M de euros, 5 novas contrata\u00e7\u00f5es, e o que isso significa para a nossa plataforma, clientes e comunidade"},"content":{"rendered":"<div id=\"bsf_rt_marker\"><\/div>\n<p><strong><em>\u2014 Por Felipe \u00c1vila da Costa, CEO da Infraspeak. <\/em><\/strong><\/p>\n\n\n\n<p>Quando um produto e uma empresa t\u00eam o poder de transformar a vida de milhares de milh\u00f5es, o crescimento \u00e9 uma progress\u00e3o natural.<\/p>\n\n\n\n<p>\u00c9 com o maior prazer que partilhamos que a Infraspeak alcan\u00e7ou outro marco significativo na sua jornada, rumo \u00e0 lideran\u00e7a global na categoria de software de manuten\u00e7\u00e3o e facility management (FM): <strong>concluiu com sucesso uma extens\u00e3o na sua ronda de financiamento da S\u00e9rie A<\/strong>, para um total de 17,5 milh\u00f5es de euros.<\/p>\n\n\n\n<p>Em outubro de 2021, a Infraspeak tinha <a href=\"https:\/\/econews.pt\/2021\/12\/07\/infraspeak-raises-e10-million-in-funding-round-with-the-help-of-foreigner-investment\/\" target=\"_blank\" rel=\"noreferrer noopener\">j\u00e1 conseguido angariar uns impressionantes dez milh\u00f5es de euros <\/a>numa ronda da S\u00e9rie A destinada a consolidar e alargar a nossa presen\u00e7a no mercado europeu. Esta ronda foi liderada pela Indico Capital Partners e pela Knight Capital, juntamente com os nossos investidores anteriores, Caixa Capital e Innovation Nest.<\/p>\n\n\n\n<p>Us\u00e1mos este financiamento adicional para contratar os melhores talentos, expandir para novos mercados, como Fran\u00e7a e Dinamarca, desenvolver e lan\u00e7ar a <a href=\"https:\/\/blog.infraspeak.com\/pt-pt\/infraspeak-network\/\">Infraspeak Network\u2122<\/a>, e expandir como nunca as nossas estruturas de sales e customer success, adicionando mais e maiores clientes \u00e0 nossa comunidade.<\/p>\n\n\n\n<p>Aproveitando este embalo, <strong>angari\u00e1mos agora 7,5 milh\u00f5es de euros adicionais<\/strong>, num processo liderado pela Bright Pixel Capital e apoiado pela Caixa Capital e pela 500 Global, de forma a apoiar o nosso r\u00e1pido crescimento e a permitir que continuemos a inovar \u2014 e a mudar \u2014 o setor de manuten\u00e7\u00e3o e FM.<\/p>\n\n\n\n<p>A oportunidade de colaborar com a Bright Pixel Capital \u2014 ao adiarmos um processo de capta\u00e7\u00e3o de recursos da S\u00e9rie B, mais demorado, para 2024 \u2014 afigurou-se incrivelmente atrativa para n\u00f3s, permitindo-nos usufruir da experi\u00eancia, do know-how especializado e da presen\u00e7a global deste novo parceiro, e assim continuar a impulsionar a nossa trajet\u00f3ria de crescimento acelerado, sem interrup\u00e7\u00f5es.<\/p>\n\n\n\n<h2 class=\"wp-block-heading\"><strong>Qual ser\u00e1 o impacto deste novo financiamento?<\/strong><\/h2>\n\n\n\n<p>O impacto ser\u00e1 enorme, pois ter\u00e1 um efeito profundo em v\u00e1rios aspetos da nossa opera\u00e7\u00e3o, desde o nosso produto e equipa aos nossos clientes, passando pela comunidade de FM e manuten\u00e7\u00e3o.<\/p>\n\n\n\n<h2 class=\"wp-block-heading\"><strong>O impacto no nosso produto<\/strong><\/h2>\n\n\n\n<p>Desde a nossa S\u00e9rie A, o desenvolvimento do produto Infraspeak tem-se concentrado em tr\u00eas recursos principais da plataforma \u2014 <strong>colabora\u00e7\u00e3o, intelig\u00eancia e usabilidade.<\/strong><\/p>\n\n\n\n<p>Antes de mais, e dado que, atualmente, \u2018colabora\u00e7\u00e3o\u2019 \u00e9 a palavra-chave em manuten\u00e7\u00e3o e FM, os recursos desta extens\u00e3o ir\u00e3o ajudar a desenvolver ainda mais a Infraspeak Network\u2122, uma solu\u00e7\u00e3o \u00fanica no mercado que permite uma colabora\u00e7\u00e3o perfeita entre facility managers e prestadores de servi\u00e7os, desde a solicita\u00e7\u00e3o e envio de or\u00e7amentos at\u00e9 \u00e0 atribui\u00e7\u00e3o de tarefas e \u00e0 conclus\u00e3o de trabalhos.<\/p>\n\n\n\n<p>Por sua vez, o<strong> <\/strong><a href=\"https:\/\/blog.infraspeak.com\/pt-pt\/infraspeak-gear\/\" target=\"_blank\" rel=\"noreferrer noopener\">Infraspeak Gear\u2122<\/a> \u2014 o n\u00facleo inteligente no centro da nossa plataforma \u2014, ficar\u00e1 cada vez mais poderoso. Com um n\u00famero cada vez maior de automatiza\u00e7\u00f5es (mais de 20 milh\u00f5es, no momento em que estas palavras est\u00e3o a ser escritas) e com recursos habilitados para intelig\u00eancia artificial \u2014 ol\u00e1, AI generativa! \u2014, este desempenha um papel crucial na atividade dos nossos clientes, economizando, em m\u00e9dia, 7 horas por semana de trabalho administrativo aos facility managers, e ajudando-os a tomar melhores decis\u00f5es estrat\u00e9gicas.<\/p>\n\n\n\n<p>Entretanto, estamos a cozinhar um novo produto (mais novidades em breve), novos idiomas v\u00e3o ser disponibilizados \u00e0 nossa base de clientes, em constante crescimento em todo o mundo, e muitos recursos est\u00e3o j\u00e1 alinhados e prontos a entrar em a\u00e7\u00e3o, por isso, n\u00e3o espere menos do que lan\u00e7amentos incr\u00edveis nos pr\u00f3ximos meses!<\/p>\n\n\n\n<p>E porque simplicidade \u00e9 a chave \u2014 dizemos isto h\u00e1 anos \u2014, continuaremos a tornar a nossa plataforma o mais simples e amig\u00e1vel poss\u00edvel, com recursos e apps \u00fateis, tais como a <strong>rec\u00e9m-lan\u00e7ada, para Android e iOS, Infraspeak Next\u2122.<\/strong><\/p>\n\n\n\n<h2 class=\"wp-block-heading\"><strong>O impacto na nossa rede de clientes e parceiros<\/strong><\/h2>\n\n\n\n<p>Al\u00e9m das melhorias cont\u00ednuas da plataforma, estamos comprometidos com um n\u00edvel ainda mais alto de profissionalismo na presta\u00e7\u00e3o de servi\u00e7os, tais como a implementa\u00e7\u00e3o da plataforma e o apoio ao cliente \u2014 desta forma iremos responder de forma adequada \u00e0s mais exigentes solicita\u00e7\u00f5es da nossa crescente base de clientes empresariais com opera\u00e7\u00f5es complexas.<\/p>\n\n\n\n<p>Como parte da nossa estrat\u00e9gia, estamos agora presentes em novos mercados na Europa, incluindo Fran\u00e7a e Dinamarca, al\u00e9m da expans\u00e3o na Am\u00e9rica Latina, com foco especial no Equador e no Peru. E por falar em expans\u00e3o \u2014 dada a import\u00e2ncia estrat\u00e9gica de formar parcerias com os principais players do setor \u2014, pretendemos continuar a aumentar, tamb\u00e9m, a nossa rede de parceiros.<\/p>\n\n\n\n<h2 class=\"wp-block-heading\"><strong>O impacto na nossa equipa<\/strong><\/h2>\n\n\n\n<p>A equipa Infraspeak, tamb\u00e9m conhecida como \u201cInfraspeakers\u201d, e a nossa cultura \u00fanica, s\u00e3o os nossos maiores trunfos.<\/p>\n\n\n\n<p>Entendemos o papel cr\u00edtico que uma equipa altamente qualificada e motivada desempenha no concretizar da nossa expans\u00e3o global, e esta ronda de financiamento permite-nos investir ainda mais na constru\u00e7\u00e3o da equipa certa para os desafios futuros.<\/p>\n\n\n\n<p>Dito isto, temos o prazer de anunciar e destacar cinco contrata\u00e7\u00f5es importantes, que acabaram de se juntar \u00e0 equipa: <a href=\"https:\/\/www.linkedin.com\/in\/ashdharmakirthi\/\" target=\"_blank\" rel=\"noreferrer noopener\">Ash Dharmakirti<\/a> (Ex-Seismic, Docusign, Symantec), como Regional Sales Manager para o Reino Unido e Irlanda; <a href=\"https:\/\/www.linkedin.com\/in\/britt-schimmel-577b9398\/\">Britt Sc<\/a><a href=\"https:\/\/www.linkedin.com\/in\/britt-schimmel-577b9398\/\" target=\"_blank\" rel=\"noreferrer noopener\">h<\/a><a href=\"https:\/\/www.linkedin.com\/in\/britt-schimmel-577b9398\/\">immel<\/a> (Ex-Pleo, Booking.com), como Sales Enablement Manager; <a href=\"https:\/\/www.linkedin.com\/in\/mireia-palmero\/\" target=\"_blank\" rel=\"noreferrer noopener\">Mireia Palmero<\/a> (Ex-Productsup, Meta), como Solution Advisor EMEA; <a href=\"https:\/\/www.linkedin.com\/in\/nic-cooper-1038a11b\/\" target=\"_blank\" rel=\"noreferrer noopener\">Nic Cooper<\/a> (Ex-Trustpilot, Living Social), como Head of Sales Development, e <a href=\"https:\/\/www.linkedin.com\/in\/oriane-millet-258b4119\/\" target=\"_blank\" rel=\"noreferrer noopener\">Oriane Millet <\/a>(Ex-Expertlead, GP Bullhound, Goldman Sachs), como Chief Financial Officer.<\/p>\n\n\n\n<p>E n\u00e3o estamos apenas a recrutar ativamente \u2018jogadores da primeira liga\u2019 para impulsionar a nossa expans\u00e3o e melhorar a nossa performance. Tamb\u00e9m estamos a fornecer \u00e0 equipa um conjunto abrangente de ferramentas para desenvolvimento e crescimento, como por exemplo um programa de lideran\u00e7a e a Universidade Infraspeak, o que nos permite amadurecer a partir de dentro \u2014 estamos dedicados a promover uma cultura empresarial de topo, que capacite os colaboradores para a excel\u00eancia e para a entrega de resultados excecionais.<\/p>\n\n\n\n<h2 class=\"wp-block-heading\"><strong>O impacto na comunidade<\/strong><\/h2>\n\n\n\n<p>Por \u00faltimo, mas n\u00e3o menos importante, algo de que gostamos muito.<\/p>\n\n\n\n<p>Continuaremos a desenvolver a comunidade de <a href=\"https:\/\/intelligenceformaintenance.com\/pt-pt\/\" target=\"_blank\" rel=\"noreferrer noopener\">Intelligence for Maintenance (IFM)<\/a> e todas as iniciativas associadas, como o <a href=\"https:\/\/intelligenceformaintenance.com\/pt-pt\/ifm-tour\/\" target=\"_blank\" rel=\"noreferrer noopener\">IFM Tour.<\/a> O nosso objetivo \u00e9 retribuir valor aos profissionais de manuten\u00e7\u00e3o e FM, fornecendo a hora, o local, o conte\u00fado e o ambiente certos para a discuss\u00e3o e o networking, seja presencial ou online. Isto, acreditamos n\u00f3s, \u00e9 essencial para a evolu\u00e7\u00e3o cont\u00ednua do setor, sobretudo no que toca a temas como tecnologia, colabora\u00e7\u00e3o e sustentabilidade.<\/p>\n\n\n\n<p>E por falar nisso, continuamos firmes no nosso compromisso com o impacto social e ambiental, colocando a sustentabilidade em primeiro plano nas nossas opera\u00e7\u00f5es e na utiliza\u00e7\u00e3o da nossa plataforma. No momento da reda\u00e7\u00e3o deste comunicado, por exemplo, 231 empresas diferentes est\u00e3o a utilizar a nossa app Utilities para monitorizar e otimizar o consumo de energia, enquanto muitas outras est\u00e3o a obter as suas certifica\u00e7\u00f5es B Corp, ou certifica\u00e7\u00f5es similares, com a ajuda da Infraspeak.<\/p>\n\n\n\n<p>Uma vez que defendemos o impacto real e os n\u00fameros reais (a nossa luta contra o green-washing veio para ficar), deixamos-lhe aqui alguns resultados reais: a Opertec Facilities Management <a href=\"https:\/\/www.linkedin.com\/posts\/opertec---opera%C3%A7%C3%A3o-e-manuten%C3%A7%C3%A3o-de-instala%C3%A7%C3%B5es-lda-_opertec-facilitiesmanagement-industria-activity-7026489554220003329-Ars5\/?utm_source=share&amp;utm_medium=member_desktop\" target=\"_blank\" rel=\"noreferrer noopener\"><strong>relatou recentemente<\/strong><\/a><strong> a poupan\u00e7a de mais de 500 mil folhas de papel, de 56 \u00e1rvores, de 696 kg de emiss\u00f5es de CO2 e de 5,5 milh\u00f5es de litros de \u00e1gua<\/strong>, ao gerir as suas opera\u00e7\u00f5es com a Infraspeak.<\/p>\n\n\n\n<p>E eles n\u00e3o est\u00e3o sozinhos. Consegue imaginar o impacto da nossa plataforma em todo o mundo atrav\u00e9s de todos os nossos clientes, atuais e futuros?<\/p>\n\n\n\n<h2 class=\"wp-block-heading\">E estamos apenas <em>&#8220;1% done<\/em>&#8220;.<\/h2>\n\n\n\n<p>A busca incans\u00e1vel da Infraspeak pela excel\u00eancia posicionou-nos como l\u00edder da categoria na Europa \u2014 com forte presen\u00e7a em Portugal, Espanha, Fran\u00e7a, Dinamarca e Reino Unido \u2014, e na Am\u00e9rica Latina, atrav\u00e9s do Brasil, Equador, Peru e outros dez pa\u00edses.<\/p>\n\n\n\n<p>Atualmente, mais de <strong>180 mil edif\u00edcios<\/strong> e <strong>3 milh\u00f5es de ativos<\/strong> est\u00e3o a ser geridos com a Infraspeak, e mais do que <strong>duplic\u00e1mos o n\u00famero de novas empresas<\/strong> a utilizar a nossa plataforma no primeiro semestre de 2023.<\/p>\n\n\n<div class=\"highlight\">Mas, como o caminho \u00e9 longo e vasto, sabemos que estamos apenas no in\u00edcio da nossa jornada. Esta extens\u00e3o da S\u00e9rie A impulsiona-nos a avan\u00e7ar ainda mais. Conectar o mercado continua a ser um objetivo fundamental para n\u00f3s \u2014 esfor\u00e7amo-nos por preencher a lacuna entre facilities e empresas de manuten\u00e7\u00e3o. Ao promover a colabora\u00e7\u00e3o, impulsionar a inova\u00e7\u00e3o e facilitar intera\u00e7\u00f5es flu\u00eddas e harmoniosas, capacitamos os nossos clientes para alcan\u00e7arem novos patamares de efici\u00eancia e efic\u00e1cia.<\/div>\n\n\n<p>Enquanto comemoramos as nossas conquistas at\u00e9 agora (por que n\u00e3o o far\u00edamos?), continua claro que\u00a0<strong>estamos apenas <em>&#8220;1% done&#8221;.<\/em><\/strong><\/p>\n\n\n\n<p>Temos muito mais para alcan\u00e7ar e a nossa vis\u00e3o vai para al\u00e9m dos nossos feitos atuais. Agradecemos de forma sincera aos nossos investidores por acreditarem em n\u00f3s, aos nossos parceiros pelo seu apoio inestim\u00e1vel e aos nossos clientes pela sua confian\u00e7a e lealdade. Quanto \u00e0 equipa Infraspeak, a sua dedica\u00e7\u00e3o e paix\u00e3o s\u00e3o a for\u00e7a motriz por detr\u00e1s do nosso sucesso.<\/p>\n\n\n\n<p>Juntos, continuaremos a trabalhar para concretizar a nossa vis\u00e3o, abra\u00e7ando os desafios e oportunidades que temos pela frente, conscientes de que o caminho para o sucesso nunca ser\u00e1 um sprint, mas sempre uma maratona.<\/p>\n","protected":false},"excerpt":{"rendered":"<p>Quando um produto e uma empresa t\u00eam o poder de transformar a vida de milhares de milh\u00f5es, o crescimento \u00e9 uma progress\u00e3o natural.<\/p>\n","protected":false},"author":54,"featured_media":25544,"comment_status":"closed","ping_status":"closed","sticky":false,"template":"","format":"standard","meta":{"content-type":"","footnotes":"","_wp_rev_ctl_limit":""},"categories":[334],"tags":[],"class_list":["post-25159","post","type-post","status-publish","format-standard","has-post-thumbnail","hentry","category-plataforma"],"yoast_head":"<!-- This site is optimized with the Yoast SEO plugin v27.3 - https:\/\/yoast.com\/product\/yoast-seo-wordpress\/ -->\n<title>Anunciamos a nossa extens\u00e3o da S\u00e9rie A para 17,5M de euros, 5 novas contrata\u00e7\u00f5es, e o que isso significa para a nossa plataforma, clientes e comunidade &#8226; Infraspeak Blog<\/title>\n<meta name=\"description\" content=\"Quando um produto e uma empresa t\u00eam o poder de transformar a vida de milhares de milh\u00f5es, o crescimento \u00e9 uma progress\u00e3o natural.\" \/>\n<meta name=\"robots\" content=\"index, follow, max-snippet:-1, max-image-preview:large, max-video-preview:-1\" \/>\n<link rel=\"canonical\" href=\"https:\/\/blog.infraspeak.com\/pt-pt\/extensao-serie-a\/\" \/>\n<meta property=\"og:locale\" content=\"pt_PT\" \/>\n<meta property=\"og:type\" content=\"article\" \/>\n<meta property=\"og:title\" content=\"Anunciamos a nossa extens\u00e3o da S\u00e9rie A para 17,5M de euros, 5 novas contrata\u00e7\u00f5es, e o que isso significa para a nossa plataforma, clientes e comunidade &#8226; Infraspeak Blog\" \/>\n<meta property=\"og:description\" content=\"Quando um produto e uma empresa t\u00eam o poder de transformar a vida de milhares de milh\u00f5es, o crescimento \u00e9 uma progress\u00e3o natural.\" \/>\n<meta property=\"og:url\" content=\"https:\/\/blog.infraspeak.com\/pt-pt\/extensao-serie-a\/\" \/>\n<meta property=\"og:site_name\" content=\"Infraspeak Blog\" \/>\n<meta property=\"article:publisher\" content=\"https:\/\/www.facebook.com\/infraspeakmaintenance\" \/>\n<meta property=\"article:published_time\" content=\"2023-07-25T08:46:05+00:00\" \/>\n<meta property=\"article:modified_time\" content=\"2024-10-24T18:01:27+00:00\" \/>\n<meta property=\"og:image\" content=\"https:\/\/blog.infraspeak.com\/wp-content\/uploads\/2023\/07\/Blog_Extension-Round_PT-2-1.png\" \/>\n\t<meta property=\"og:image:width\" content=\"1770\" \/>\n\t<meta property=\"og:image:height\" content=\"640\" \/>\n\t<meta property=\"og:image:type\" content=\"image\/png\" \/>\n<meta name=\"author\" content=\"Infraspeak Team\" \/>\n<meta name=\"twitter:card\" content=\"summary_large_image\" \/>\n<meta name=\"twitter:creator\" content=\"@infraspeak\" \/>\n<meta name=\"twitter:site\" content=\"@infraspeak\" \/>\n<meta name=\"twitter:label1\" content=\"Escrito por\" \/>\n\t<meta name=\"twitter:data1\" content=\"Infraspeak Team\" \/>\n\t<meta name=\"twitter:label2\" content=\"Tempo estimado de leitura\" \/>\n\t<meta name=\"twitter:data2\" content=\"7 minutos\" \/>\n<script type=\"application\/ld+json\" class=\"yoast-schema-graph\">{\"@context\":\"https:\\\/\\\/schema.org\",\"@graph\":[{\"@type\":\"Article\",\"@id\":\"https:\\\/\\\/blog.infraspeak.com\\\/pt-pt\\\/extensao-serie-a\\\/#article\",\"isPartOf\":{\"@id\":\"https:\\\/\\\/blog.infraspeak.com\\\/pt-pt\\\/extensao-serie-a\\\/\"},\"author\":{\"name\":\"Infraspeak Team\",\"@id\":\"https:\\\/\\\/blog.infraspeak.com\\\/pt-pt\\\/#\\\/schema\\\/person\\\/b53887f01881a658b4cc1bf25f2d4377\"},\"headline\":\"Anunciamos a nossa extens\u00e3o da S\u00e9rie A para 17,5M de euros, 5 novas contrata\u00e7\u00f5es, e o que isso significa para a nossa plataforma, clientes e comunidade\",\"datePublished\":\"2023-07-25T08:46:05+00:00\",\"dateModified\":\"2024-10-24T18:01:27+00:00\",\"mainEntityOfPage\":{\"@id\":\"https:\\\/\\\/blog.infraspeak.com\\\/pt-pt\\\/extensao-serie-a\\\/\"},\"wordCount\":1594,\"publisher\":{\"@id\":\"https:\\\/\\\/blog.infraspeak.com\\\/pt-pt\\\/#organization\"},\"image\":{\"@id\":\"https:\\\/\\\/blog.infraspeak.com\\\/pt-pt\\\/extensao-serie-a\\\/#primaryimage\"},\"thumbnailUrl\":\"https:\\\/\\\/blog.infraspeak.com\\\/wp-content\\\/uploads\\\/2023\\\/07\\\/Blog_Extension-Round_PT-2-1.png\",\"articleSection\":[\"Infraspeak\"],\"inLanguage\":\"pt-PT\"},{\"@type\":\"WebPage\",\"@id\":\"https:\\\/\\\/blog.infraspeak.com\\\/pt-pt\\\/extensao-serie-a\\\/\",\"url\":\"https:\\\/\\\/blog.infraspeak.com\\\/pt-pt\\\/extensao-serie-a\\\/\",\"name\":\"Anunciamos a nossa extens\u00e3o da S\u00e9rie A para 17,5M de euros, 5 novas contrata\u00e7\u00f5es, e o que isso significa para a nossa plataforma, clientes e comunidade &#8226; Infraspeak Blog\",\"isPartOf\":{\"@id\":\"https:\\\/\\\/blog.infraspeak.com\\\/pt-pt\\\/#website\"},\"primaryImageOfPage\":{\"@id\":\"https:\\\/\\\/blog.infraspeak.com\\\/pt-pt\\\/extensao-serie-a\\\/#primaryimage\"},\"image\":{\"@id\":\"https:\\\/\\\/blog.infraspeak.com\\\/pt-pt\\\/extensao-serie-a\\\/#primaryimage\"},\"thumbnailUrl\":\"https:\\\/\\\/blog.infraspeak.com\\\/wp-content\\\/uploads\\\/2023\\\/07\\\/Blog_Extension-Round_PT-2-1.png\",\"datePublished\":\"2023-07-25T08:46:05+00:00\",\"dateModified\":\"2024-10-24T18:01:27+00:00\",\"description\":\"Quando um produto e uma empresa t\u00eam o poder de transformar a vida de milhares de milh\u00f5es, o crescimento \u00e9 uma progress\u00e3o natural.\",\"breadcrumb\":{\"@id\":\"https:\\\/\\\/blog.infraspeak.com\\\/pt-pt\\\/extensao-serie-a\\\/#breadcrumb\"},\"inLanguage\":\"pt-PT\",\"potentialAction\":[{\"@type\":\"ReadAction\",\"target\":[\"https:\\\/\\\/blog.infraspeak.com\\\/pt-pt\\\/extensao-serie-a\\\/\"]}]},{\"@type\":\"ImageObject\",\"inLanguage\":\"pt-PT\",\"@id\":\"https:\\\/\\\/blog.infraspeak.com\\\/pt-pt\\\/extensao-serie-a\\\/#primaryimage\",\"url\":\"https:\\\/\\\/blog.infraspeak.com\\\/wp-content\\\/uploads\\\/2023\\\/07\\\/Blog_Extension-Round_PT-2-1.png\",\"contentUrl\":\"https:\\\/\\\/blog.infraspeak.com\\\/wp-content\\\/uploads\\\/2023\\\/07\\\/Blog_Extension-Round_PT-2-1.png\",\"width\":1770,\"height\":640,\"caption\":\"Blog_Extension Round_PT\"},{\"@type\":\"BreadcrumbList\",\"@id\":\"https:\\\/\\\/blog.infraspeak.com\\\/pt-pt\\\/extensao-serie-a\\\/#breadcrumb\",\"itemListElement\":[{\"@type\":\"ListItem\",\"position\":1,\"name\":\"Home\",\"item\":\"https:\\\/\\\/blog.infraspeak.com\\\/\"},{\"@type\":\"ListItem\",\"position\":2,\"name\":\"Anunciamos a nossa extens\u00e3o da S\u00e9rie A para 17,5M de euros, 5 novas contrata\u00e7\u00f5es, e o que isso significa para a nossa plataforma, clientes e comunidade\"}]},{\"@type\":\"WebSite\",\"@id\":\"https:\\\/\\\/blog.infraspeak.com\\\/pt-pt\\\/#website\",\"url\":\"https:\\\/\\\/blog.infraspeak.com\\\/pt-pt\\\/\",\"name\":\"Infraspeak Blog\",\"description\":\"All About Maintenance and Facilities Management\",\"publisher\":{\"@id\":\"https:\\\/\\\/blog.infraspeak.com\\\/pt-pt\\\/#organization\"},\"potentialAction\":[{\"@type\":\"SearchAction\",\"target\":{\"@type\":\"EntryPoint\",\"urlTemplate\":\"https:\\\/\\\/blog.infraspeak.com\\\/pt-pt\\\/?s={search_term_string}\"},\"query-input\":{\"@type\":\"PropertyValueSpecification\",\"valueRequired\":true,\"valueName\":\"search_term_string\"}}],\"inLanguage\":\"pt-PT\"},{\"@type\":\"Organization\",\"@id\":\"https:\\\/\\\/blog.infraspeak.com\\\/pt-pt\\\/#organization\",\"name\":\"Infraspeak\",\"url\":\"https:\\\/\\\/blog.infraspeak.com\\\/pt-pt\\\/\",\"logo\":{\"@type\":\"ImageObject\",\"inLanguage\":\"pt-PT\",\"@id\":\"https:\\\/\\\/blog.infraspeak.com\\\/pt-pt\\\/#\\\/schema\\\/logo\\\/image\\\/\",\"url\":\"https:\\\/\\\/blog.infraspeak.com\\\/wp-content\\\/uploads\\\/2018\\\/11\\\/is-logo@2x.png\",\"contentUrl\":\"https:\\\/\\\/blog.infraspeak.com\\\/wp-content\\\/uploads\\\/2018\\\/11\\\/is-logo@2x.png\",\"width\":544,\"height\":180,\"caption\":\"Infraspeak\"},\"image\":{\"@id\":\"https:\\\/\\\/blog.infraspeak.com\\\/pt-pt\\\/#\\\/schema\\\/logo\\\/image\\\/\"},\"sameAs\":[\"https:\\\/\\\/www.facebook.com\\\/infraspeakmaintenance\",\"https:\\\/\\\/x.com\\\/infraspeak\",\"https:\\\/\\\/www.instagram.com\\\/infraspeak\\\/\",\"http:\\\/\\\/www.linkedin.com\\\/company\\\/infraspeak\",\"https:\\\/\\\/www.youtube.com\\\/channel\\\/UCOdjKyhSD9RJbRhuP-S8Avw\"]},{\"@type\":\"Person\",\"@id\":\"https:\\\/\\\/blog.infraspeak.com\\\/pt-pt\\\/#\\\/schema\\\/person\\\/b53887f01881a658b4cc1bf25f2d4377\",\"name\":\"Infraspeak Team\",\"image\":{\"@type\":\"ImageObject\",\"inLanguage\":\"pt-PT\",\"@id\":\"https:\\\/\\\/blog.infraspeak.com\\\/wp-content\\\/uploads\\\/2023\\\/02\\\/296167549_2627985274000609_8314221938057526692_n-120x120.jpg\",\"url\":\"https:\\\/\\\/blog.infraspeak.com\\\/wp-content\\\/uploads\\\/2023\\\/02\\\/296167549_2627985274000609_8314221938057526692_n-120x120.jpg\",\"contentUrl\":\"https:\\\/\\\/blog.infraspeak.com\\\/wp-content\\\/uploads\\\/2023\\\/02\\\/296167549_2627985274000609_8314221938057526692_n-120x120.jpg\",\"caption\":\"Infraspeak Team\"},\"url\":\"https:\\\/\\\/blog.infraspeak.com\\\/pt-pt\\\/author\\\/infraspeakteam\\\/\"}]}<\/script>\n<!-- \/ Yoast SEO plugin. -->","yoast_head_json":{"title":"Anunciamos a nossa extens\u00e3o da S\u00e9rie A para 17,5M de euros, 5 novas contrata\u00e7\u00f5es, e o que isso significa para a nossa plataforma, clientes e comunidade &#8226; Infraspeak Blog","description":"Quando um produto e uma empresa t\u00eam o poder de transformar a vida de milhares de milh\u00f5es, o crescimento \u00e9 uma progress\u00e3o natural.","robots":{"index":"index","follow":"follow","max-snippet":"max-snippet:-1","max-image-preview":"max-image-preview:large","max-video-preview":"max-video-preview:-1"},"canonical":"https:\/\/blog.infraspeak.com\/pt-pt\/extensao-serie-a\/","og_locale":"pt_PT","og_type":"article","og_title":"Anunciamos a nossa extens\u00e3o da S\u00e9rie A para 17,5M de euros, 5 novas contrata\u00e7\u00f5es, e o que isso significa para a nossa plataforma, clientes e comunidade &#8226; Infraspeak Blog","og_description":"Quando um produto e uma empresa t\u00eam o poder de transformar a vida de milhares de milh\u00f5es, o crescimento \u00e9 uma progress\u00e3o natural.","og_url":"https:\/\/blog.infraspeak.com\/pt-pt\/extensao-serie-a\/","og_site_name":"Infraspeak Blog","article_publisher":"https:\/\/www.facebook.com\/infraspeakmaintenance","article_published_time":"2023-07-25T08:46:05+00:00","article_modified_time":"2024-10-24T18:01:27+00:00","og_image":[{"width":1770,"height":640,"url":"https:\/\/blog.infraspeak.com\/wp-content\/uploads\/2023\/07\/Blog_Extension-Round_PT-2-1.png","type":"image\/png"}],"author":"Infraspeak Team","twitter_card":"summary_large_image","twitter_creator":"@infraspeak","twitter_site":"@infraspeak","twitter_misc":{"Escrito por":"Infraspeak Team","Tempo estimado de leitura":"7 minutos"},"schema":{"@context":"https:\/\/schema.org","@graph":[{"@type":"Article","@id":"https:\/\/blog.infraspeak.com\/pt-pt\/extensao-serie-a\/#article","isPartOf":{"@id":"https:\/\/blog.infraspeak.com\/pt-pt\/extensao-serie-a\/"},"author":{"name":"Infraspeak Team","@id":"https:\/\/blog.infraspeak.com\/pt-pt\/#\/schema\/person\/b53887f01881a658b4cc1bf25f2d4377"},"headline":"Anunciamos a nossa extens\u00e3o da S\u00e9rie A para 17,5M de euros, 5 novas contrata\u00e7\u00f5es, e o que isso significa para a nossa plataforma, clientes e comunidade","datePublished":"2023-07-25T08:46:05+00:00","dateModified":"2024-10-24T18:01:27+00:00","mainEntityOfPage":{"@id":"https:\/\/blog.infraspeak.com\/pt-pt\/extensao-serie-a\/"},"wordCount":1594,"publisher":{"@id":"https:\/\/blog.infraspeak.com\/pt-pt\/#organization"},"image":{"@id":"https:\/\/blog.infraspeak.com\/pt-pt\/extensao-serie-a\/#primaryimage"},"thumbnailUrl":"https:\/\/blog.infraspeak.com\/wp-content\/uploads\/2023\/07\/Blog_Extension-Round_PT-2-1.png","articleSection":["Infraspeak"],"inLanguage":"pt-PT"},{"@type":"WebPage","@id":"https:\/\/blog.infraspeak.com\/pt-pt\/extensao-serie-a\/","url":"https:\/\/blog.infraspeak.com\/pt-pt\/extensao-serie-a\/","name":"Anunciamos a nossa extens\u00e3o da S\u00e9rie A para 17,5M de euros, 5 novas contrata\u00e7\u00f5es, e o que isso significa para a nossa plataforma, clientes e comunidade &#8226; Infraspeak Blog","isPartOf":{"@id":"https:\/\/blog.infraspeak.com\/pt-pt\/#website"},"primaryImageOfPage":{"@id":"https:\/\/blog.infraspeak.com\/pt-pt\/extensao-serie-a\/#primaryimage"},"image":{"@id":"https:\/\/blog.infraspeak.com\/pt-pt\/extensao-serie-a\/#primaryimage"},"thumbnailUrl":"https:\/\/blog.infraspeak.com\/wp-content\/uploads\/2023\/07\/Blog_Extension-Round_PT-2-1.png","datePublished":"2023-07-25T08:46:05+00:00","dateModified":"2024-10-24T18:01:27+00:00","description":"Quando um produto e uma empresa t\u00eam o poder de transformar a vida de milhares de milh\u00f5es, o crescimento \u00e9 uma progress\u00e3o natural.","breadcrumb":{"@id":"https:\/\/blog.infraspeak.com\/pt-pt\/extensao-serie-a\/#breadcrumb"},"inLanguage":"pt-PT","potentialAction":[{"@type":"ReadAction","target":["https:\/\/blog.infraspeak.com\/pt-pt\/extensao-serie-a\/"]}]},{"@type":"ImageObject","inLanguage":"pt-PT","@id":"https:\/\/blog.infraspeak.com\/pt-pt\/extensao-serie-a\/#primaryimage","url":"https:\/\/blog.infraspeak.com\/wp-content\/uploads\/2023\/07\/Blog_Extension-Round_PT-2-1.png","contentUrl":"https:\/\/blog.infraspeak.com\/wp-content\/uploads\/2023\/07\/Blog_Extension-Round_PT-2-1.png","width":1770,"height":640,"caption":"Blog_Extension Round_PT"},{"@type":"BreadcrumbList","@id":"https:\/\/blog.infraspeak.com\/pt-pt\/extensao-serie-a\/#breadcrumb","itemListElement":[{"@type":"ListItem","position":1,"name":"Home","item":"https:\/\/blog.infraspeak.com\/"},{"@type":"ListItem","position":2,"name":"Anunciamos a nossa extens\u00e3o da S\u00e9rie A para 17,5M de euros, 5 novas contrata\u00e7\u00f5es, e o que isso significa para a nossa plataforma, clientes e comunidade"}]},{"@type":"WebSite","@id":"https:\/\/blog.infraspeak.com\/pt-pt\/#website","url":"https:\/\/blog.infraspeak.com\/pt-pt\/","name":"Infraspeak Blog","description":"All About Maintenance and Facilities Management","publisher":{"@id":"https:\/\/blog.infraspeak.com\/pt-pt\/#organization"},"potentialAction":[{"@type":"SearchAction","target":{"@type":"EntryPoint","urlTemplate":"https:\/\/blog.infraspeak.com\/pt-pt\/?s={search_term_string}"},"query-input":{"@type":"PropertyValueSpecification","valueRequired":true,"valueName":"search_term_string"}}],"inLanguage":"pt-PT"},{"@type":"Organization","@id":"https:\/\/blog.infraspeak.com\/pt-pt\/#organization","name":"Infraspeak","url":"https:\/\/blog.infraspeak.com\/pt-pt\/","logo":{"@type":"ImageObject","inLanguage":"pt-PT","@id":"https:\/\/blog.infraspeak.com\/pt-pt\/#\/schema\/logo\/image\/","url":"https:\/\/blog.infraspeak.com\/wp-content\/uploads\/2018\/11\/is-logo@2x.png","contentUrl":"https:\/\/blog.infraspeak.com\/wp-content\/uploads\/2018\/11\/is-logo@2x.png","width":544,"height":180,"caption":"Infraspeak"},"image":{"@id":"https:\/\/blog.infraspeak.com\/pt-pt\/#\/schema\/logo\/image\/"},"sameAs":["https:\/\/www.facebook.com\/infraspeakmaintenance","https:\/\/x.com\/infraspeak","https:\/\/www.instagram.com\/infraspeak\/","http:\/\/www.linkedin.com\/company\/infraspeak","https:\/\/www.youtube.com\/channel\/UCOdjKyhSD9RJbRhuP-S8Avw"]},{"@type":"Person","@id":"https:\/\/blog.infraspeak.com\/pt-pt\/#\/schema\/person\/b53887f01881a658b4cc1bf25f2d4377","name":"Infraspeak Team","image":{"@type":"ImageObject","inLanguage":"pt-PT","@id":"https:\/\/blog.infraspeak.com\/wp-content\/uploads\/2023\/02\/296167549_2627985274000609_8314221938057526692_n-120x120.jpg","url":"https:\/\/blog.infraspeak.com\/wp-content\/uploads\/2023\/02\/296167549_2627985274000609_8314221938057526692_n-120x120.jpg","contentUrl":"https:\/\/blog.infraspeak.com\/wp-content\/uploads\/2023\/02\/296167549_2627985274000609_8314221938057526692_n-120x120.jpg","caption":"Infraspeak Team"},"url":"https:\/\/blog.infraspeak.com\/pt-pt\/author\/infraspeakteam\/"}]}},"_links":{"self":[{"href":"https:\/\/blog.infraspeak.com\/pt-pt\/wp-json\/wp\/v2\/posts\/25159","targetHints":{"allow":["GET"]}}],"collection":[{"href":"https:\/\/blog.infraspeak.com\/pt-pt\/wp-json\/wp\/v2\/posts"}],"about":[{"href":"https:\/\/blog.infraspeak.com\/pt-pt\/wp-json\/wp\/v2\/types\/post"}],"author":[{"embeddable":true,"href":"https:\/\/blog.infraspeak.com\/pt-pt\/wp-json\/wp\/v2\/users\/54"}],"replies":[{"embeddable":true,"href":"https:\/\/blog.infraspeak.com\/pt-pt\/wp-json\/wp\/v2\/comments?post=25159"}],"version-history":[{"count":3,"href":"https:\/\/blog.infraspeak.com\/pt-pt\/wp-json\/wp\/v2\/posts\/25159\/revisions"}],"predecessor-version":[{"id":29823,"href":"https:\/\/blog.infraspeak.com\/pt-pt\/wp-json\/wp\/v2\/posts\/25159\/revisions\/29823"}],"wp:featuredmedia":[{"embeddable":true,"href":"https:\/\/blog.infraspeak.com\/pt-pt\/wp-json\/wp\/v2\/media\/25544"}],"wp:attachment":[{"href":"https:\/\/blog.infraspeak.com\/pt-pt\/wp-json\/wp\/v2\/media?parent=25159"}],"wp:term":[{"taxonomy":"category","embeddable":true,"href":"https:\/\/blog.infraspeak.com\/pt-pt\/wp-json\/wp\/v2\/categories?post=25159"},{"taxonomy":"post_tag","embeddable":true,"href":"https:\/\/blog.infraspeak.com\/pt-pt\/wp-json\/wp\/v2\/tags?post=25159"}],"curies":[{"name":"wp","href":"https:\/\/api.w.org\/{rel}","templated":true}]}}