{"id":2119,"date":"2019-06-18T11:03:26","date_gmt":"2019-06-18T11:03:26","guid":{"rendered":"https:\/\/blog.infraspeak.com\/?p=2119"},"modified":"2026-04-02T18:40:57","modified_gmt":"2026-04-02T18:40:57","slug":"consumos-de-edificios","status":"publish","type":"post","link":"https:\/\/blog.infraspeak.com\/pt-pt\/consumos-de-edificios\/","title":{"rendered":"Novo M\u00f3dulo de Consumos de Edif\u00edcios"},"content":{"rendered":"<div id=\"bsf_rt_marker\"><\/div><p style=\"font-size: 15px;\">J\u00e1 lhe aconteceu chegar a casa e ter, na caixa de correio, uma conta de electricidade 30\u20ac acima daquilo que esperava? Provavelmente j\u00e1. Na verdade, acontece a todos. Basta, por exemplo, que um aquecedor esteja a trabalhar em esfor\u00e7o e a consumir mais energia do que a necess\u00e1ria.<\/p>\n<p>Imagine agora este tipo de problemas no seu local de trabalho \u2014 as oscila\u00e7\u00f5es e os valores em causa s\u00e3o muito maiores e \u00e9 muito mais dif\u00edcil estimar os consumos energ\u00e9ticos mensais sem um <a href=\"https:\/\/infraspeak.com\/pt-pt\/plataforma\/software-gestao-de-ativos\">software gest\u00e3o de ativos<\/a> adequado\u2026<\/p>\n<p>O controlo eficiente dos consumos energ\u00e9ticos \u00e9 fundamental para qualquer empresa, tal como a gest\u00e3o adequada de recursos atrav\u00e9s de um <a href=\"https:\/\/infraspeak.com\/pt-pt\/solucoes\/software-gestao-stocks\">software gest\u00e3o de stocks<\/a> para otimizar opera\u00e7\u00f5es e reduzir custos desnecess\u00e1rios.<\/p>\n<h5 style=\"font-size: 15px;\"><strong><span style=\"color: #005176; font-weight: bold;\">&#8230;a menos que use o novo m\u00f3dulo de Consumos de Edif\u00edcios. <\/span><\/strong><\/h5>\n<p>Conhe\u00e7a abaixo este nosso novo m\u00f3dulo, que lhe permite\u00a0manter sob controlo todos os gastos de electricidade, \u00e1gua e g\u00e1s dos seus edif\u00edcios, de forma simples e visualmente apelativa.<\/p>\n<h2>Novo M\u00f3dulo de Consumos de Edif\u00edcios<\/h2>\n<p>Com este novo m\u00f3dulo integrado no nosso <a href=\"https:\/\/infraspeak.com\/pt-pt\/solucoes\/software-facility-management\">software gest\u00e3o de facilities<\/a>, \u00e9 mais f\u00e1cil controlar todos os gastos de energia dos seus edif\u00edcios. Atrav\u00e9s dos seus registos di\u00e1rios das leituras dos contadores e do pre\u00e7o contratado para seus servi\u00e7os de eletricidade, \u00e1gua e g\u00e1s, o Infraspeak \u00e9 capaz de gerar estat\u00edsticas e gr\u00e1ficos detalhados sobre os seus gastos.<\/p>\n<p>Estes dados permitem-lhe estimar consumos, identificar e justificar picos e controlar custos de uma forma imediata e de f\u00e1cil visualiza\u00e7\u00e3o.<\/p>\n<p>A monitoriza\u00e7\u00e3o de consumos energ\u00e9ticos integra-se com as funcionalidades do <a href=\"https:\/\/infraspeak.com\/pt-pt\/solucoes\/software-cmms\">software CMMS<\/a> para uma manuten\u00e7\u00e3o mais eficiente dos equipamentos que impactam o consumo.<\/p>\n<p><img fetchpriority=\"high\" decoding=\"async\" class=\"alignnone wp-image-2090\" src=\"https:\/\/blog.infraspeak.com\/wp-content\/uploads\/2019\/06\/Screenshot-from-2019-06-07-15-39-55-300x153.png\" alt=\"Consumos de Edif\u00edcio\" width=\"667\" height=\"340\" srcset=\"https:\/\/blog.infraspeak.com\/wp-content\/uploads\/2019\/06\/Screenshot-from-2019-06-07-15-39-55-300x153.png 300w, https:\/\/blog.infraspeak.com\/wp-content\/uploads\/2019\/06\/Screenshot-from-2019-06-07-15-39-55-768x391.png 768w, https:\/\/blog.infraspeak.com\/wp-content\/uploads\/2019\/06\/Screenshot-from-2019-06-07-15-39-55-1024x521.png 1024w, https:\/\/blog.infraspeak.com\/wp-content\/uploads\/2019\/06\/Screenshot-from-2019-06-07-15-39-55-1068x544.png 1068w, https:\/\/blog.infraspeak.com\/wp-content\/uploads\/2019\/06\/Screenshot-from-2019-06-07-15-39-55.png 696w\" sizes=\"(max-width: 667px) 100vw, 667px\" \/><\/p>\n<p><center><\/center>Al\u00e9m do gr\u00e1fico que compila todos os servi\u00e7os, \u00e9 poss\u00edvel ver gr\u00e1ficos detalhados para cada tipo de servi\u00e7o isoladamente, bem como discriminar os consumos de cada contador secund\u00e1rio e saber qual a percentagem que cada um representa no consumo total.<\/p>\n<p><img decoding=\"async\" class=\"alignnone wp-image-2095\" src=\"https:\/\/blog.infraspeak.com\/wp-content\/uploads\/2019\/06\/Screenshot-from-2019-06-07-15-40-36-300x153.png\" alt=\"Consumos de Edif\u00edcios\" width=\"704\" height=\"359\" srcset=\"https:\/\/blog.infraspeak.com\/wp-content\/uploads\/2019\/06\/Screenshot-from-2019-06-07-15-40-36-300x153.png 300w, https:\/\/blog.infraspeak.com\/wp-content\/uploads\/2019\/06\/Screenshot-from-2019-06-07-15-40-36-768x392.png 768w, https:\/\/blog.infraspeak.com\/wp-content\/uploads\/2019\/06\/Screenshot-from-2019-06-07-15-40-36-1024x522.png 1024w, https:\/\/blog.infraspeak.com\/wp-content\/uploads\/2019\/06\/Screenshot-from-2019-06-07-15-40-36-1068x545.png 1068w, https:\/\/blog.infraspeak.com\/wp-content\/uploads\/2019\/06\/Screenshot-from-2019-06-07-15-40-36.png 696w\" sizes=\"(max-width: 704px) 100vw, 704px\" \/><\/p>\n<p><center><\/center><img decoding=\"async\" class=\"alignnone wp-image-2099\" src=\"https:\/\/blog.infraspeak.com\/wp-content\/uploads\/2019\/06\/Screenshot-from-2019-06-07-15-41-03-300x152.png\" alt=\"Consumos de Edif\u00edcios\" width=\"730\" height=\"370\" srcset=\"https:\/\/blog.infraspeak.com\/wp-content\/uploads\/2019\/06\/Screenshot-from-2019-06-07-15-41-03-300x152.png 300w, https:\/\/blog.infraspeak.com\/wp-content\/uploads\/2019\/06\/Screenshot-from-2019-06-07-15-41-03-768x390.png 768w, https:\/\/blog.infraspeak.com\/wp-content\/uploads\/2019\/06\/Screenshot-from-2019-06-07-15-41-03-1024x520.png 1024w, https:\/\/blog.infraspeak.com\/wp-content\/uploads\/2019\/06\/Screenshot-from-2019-06-07-15-41-03-1068x542.png 1068w, https:\/\/blog.infraspeak.com\/wp-content\/uploads\/2019\/06\/Screenshot-from-2019-06-07-15-41-03.png 696w\" sizes=\"(max-width: 730px) 100vw, 730px\" \/><\/p>\n<p>Para configurar este m\u00f3dulo, na aba de Administra\u00e7\u00e3o, basta aceder \u00e0s defini\u00e7\u00f5es de Consumos de Edif\u00edcios, selecionar quais os tipos de equipamentos s\u00e3o os contadores de \u00e1gua, luz e g\u00e1s,\u00a0<strong>definir o contador principal<\/strong>\u00a0de cada edif\u00edcio&#8230;<\/p>\n<p><img loading=\"lazy\" decoding=\"async\" class=\"alignnone wp-image-2127\" src=\"https:\/\/blog.infraspeak.com\/wp-content\/uploads\/2019\/06\/Screenshot-from-2019-06-07-15-42-08-300x152.png\" alt=\"Consumos de Edif\u00edcio\" width=\"691\" height=\"350\" srcset=\"https:\/\/blog.infraspeak.com\/wp-content\/uploads\/2019\/06\/Screenshot-from-2019-06-07-15-42-08-300x152.png 300w, https:\/\/blog.infraspeak.com\/wp-content\/uploads\/2019\/06\/Screenshot-from-2019-06-07-15-42-08-768x389.png 768w, https:\/\/blog.infraspeak.com\/wp-content\/uploads\/2019\/06\/Screenshot-from-2019-06-07-15-42-08-1024x519.png 1024w, https:\/\/blog.infraspeak.com\/wp-content\/uploads\/2019\/06\/Screenshot-from-2019-06-07-15-42-08-1068x541.png 1068w, https:\/\/blog.infraspeak.com\/wp-content\/uploads\/2019\/06\/Screenshot-from-2019-06-07-15-42-08.png 1864w\" sizes=\"(max-width: 691px) 100vw, 691px\" \/><\/p>\n<p><img loading=\"lazy\" decoding=\"async\" class=\"alignnone wp-image-2103\" src=\"https:\/\/blog.infraspeak.com\/wp-content\/uploads\/2019\/06\/Screenshot-from-2019-06-07-15-43-27-300x153.png\" alt=\"Consumos de Edif\u00edcios\" width=\"692\" height=\"353\" srcset=\"https:\/\/blog.infraspeak.com\/wp-content\/uploads\/2019\/06\/Screenshot-from-2019-06-07-15-43-27-300x153.png 300w, https:\/\/blog.infraspeak.com\/wp-content\/uploads\/2019\/06\/Screenshot-from-2019-06-07-15-43-27-768x391.png 768w, https:\/\/blog.infraspeak.com\/wp-content\/uploads\/2019\/06\/Screenshot-from-2019-06-07-15-43-27-1024x521.png 1024w, https:\/\/blog.infraspeak.com\/wp-content\/uploads\/2019\/06\/Screenshot-from-2019-06-07-15-43-27-1068x543.png 1068w, https:\/\/blog.infraspeak.com\/wp-content\/uploads\/2019\/06\/Screenshot-from-2019-06-07-15-43-27.png 696w\" sizes=\"(max-width: 692px) 100vw, 692px\" \/><\/p>\n<p>&#8230;e <strong>definir o pre\u00e7o por medi\u00e7\u00e3o<\/strong> para cada edif\u00edcio.\u00a0O Infraspeak tratar\u00e1 do resto.<\/p>\n<p><img loading=\"lazy\" decoding=\"async\" class=\"alignnone wp-image-2107\" src=\"https:\/\/blog.infraspeak.com\/wp-content\/uploads\/2019\/06\/Screenshot-from-2019-06-07-15-43-44-300x153.png\" alt=\"Consumos de Edif\u00edcios\" width=\"722\" height=\"368\" srcset=\"https:\/\/blog.infraspeak.com\/wp-content\/uploads\/2019\/06\/Screenshot-from-2019-06-07-15-43-44-300x153.png 300w, https:\/\/blog.infraspeak.com\/wp-content\/uploads\/2019\/06\/Screenshot-from-2019-06-07-15-43-44-768x391.png 768w, https:\/\/blog.infraspeak.com\/wp-content\/uploads\/2019\/06\/Screenshot-from-2019-06-07-15-43-44-1024x521.png 1024w, https:\/\/blog.infraspeak.com\/wp-content\/uploads\/2019\/06\/Screenshot-from-2019-06-07-15-43-44-1068x543.png 1068w, https:\/\/blog.infraspeak.com\/wp-content\/uploads\/2019\/06\/Screenshot-from-2019-06-07-15-43-44.png 696w\" sizes=\"(max-width: 722px) 100vw, 722px\" \/><\/p>\n<p>Toda a informa\u00e7\u00e3o ser\u00e1 ent\u00e3o disponibilizada na aba do m\u00f3dulo de Consumos de Edif\u00edcios.<\/p>\n<p>A gest\u00e3o eficiente de consumos energ\u00e9ticos complementa outras solu\u00e7\u00f5es como o <a href=\"https:\/\/infraspeak.com\/pt-pt\/solucoes\/field-service-management-software\">software field service management<\/a> para uma opera\u00e7\u00e3o completa e integrada dos seus edif\u00edcios.<\/p>\n","protected":false},"excerpt":{"rendered":"<p>Este m\u00f3dulo permite-lhe\u00a0manter sob controlo todos os gastos de electricidade, \u00e1gua e g\u00e1s dos seus edif\u00edcios, de forma simples e visualmente apelativa.<\/p>\n","protected":false},"author":54,"featured_media":2117,"comment_status":"open","ping_status":"open","sticky":false,"template":"","format":"standard","meta":{"content-type":"","footnotes":"","_wp_rev_ctl_limit":""},"categories":[334],"tags":[295,296,78],"class_list":["post-2119","post","type-post","status-publish","format-standard","has-post-thumbnail","hentry","category-plataforma","tag-consumos","tag-eletricidade","tag-novidades"],"yoast_head":"<!-- This site is optimized with the Yoast SEO plugin v27.3 - https:\/\/yoast.com\/product\/yoast-seo-wordpress\/ -->\n<title>Novo M\u00f3dulo de Consumos de Edif\u00edcios &#8226; Infraspeak Blog<\/title>\n<meta name=\"description\" content=\"Este m\u00f3dulo permite-lhe\u00a0manter sob controlo todos os gastos de electricidade, \u00e1gua e g\u00e1s dos seus edif\u00edcios, de forma simples e visualmente apelativa.\" \/>\n<meta name=\"robots\" content=\"index, follow, max-snippet:-1, max-image-preview:large, max-video-preview:-1\" \/>\n<link rel=\"canonical\" href=\"https:\/\/blog.infraspeak.com\/pt-pt\/consumos-de-edificios\/\" \/>\n<meta property=\"og:locale\" content=\"pt_PT\" \/>\n<meta property=\"og:type\" content=\"article\" \/>\n<meta property=\"og:title\" content=\"Novo M\u00f3dulo de Consumos de Edif\u00edcios &#8226; Infraspeak Blog\" \/>\n<meta property=\"og:description\" content=\"Este m\u00f3dulo permite-lhe\u00a0manter sob controlo todos os gastos de electricidade, \u00e1gua e g\u00e1s dos seus edif\u00edcios, de forma simples e visualmente apelativa.\" \/>\n<meta property=\"og:url\" content=\"https:\/\/blog.infraspeak.com\/pt-pt\/consumos-de-edificios\/\" \/>\n<meta property=\"og:site_name\" content=\"Infraspeak Blog\" \/>\n<meta property=\"article:publisher\" content=\"https:\/\/www.facebook.com\/infraspeakmaintenance\" \/>\n<meta property=\"article:published_time\" content=\"2019-06-18T11:03:26+00:00\" \/>\n<meta property=\"article:modified_time\" content=\"2026-04-02T18:40:57+00:00\" \/>\n<meta property=\"og:image\" content=\"https:\/\/blog.infraspeak.com\/wp-content\/uploads\/2019\/06\/AdobeStock_175900598-min.jpeg\" \/>\n\t<meta property=\"og:image:width\" content=\"6000\" \/>\n\t<meta property=\"og:image:height\" content=\"3500\" \/>\n\t<meta property=\"og:image:type\" content=\"image\/jpeg\" \/>\n<meta name=\"author\" content=\"Infraspeak Team\" \/>\n<meta name=\"twitter:card\" content=\"summary_large_image\" \/>\n<meta name=\"twitter:creator\" content=\"@infraspeak\" \/>\n<meta name=\"twitter:site\" content=\"@infraspeak\" \/>\n<meta name=\"twitter:label1\" content=\"Escrito por\" \/>\n\t<meta name=\"twitter:data1\" content=\"Infraspeak Team\" \/>\n\t<meta name=\"twitter:label2\" content=\"Tempo estimado de leitura\" \/>\n\t<meta name=\"twitter:data2\" content=\"2 minutos\" \/>\n<script type=\"application\/ld+json\" class=\"yoast-schema-graph\">{\"@context\":\"https:\\\/\\\/schema.org\",\"@graph\":[{\"@type\":\"Article\",\"@id\":\"https:\\\/\\\/blog.infraspeak.com\\\/pt-pt\\\/consumos-de-edificios\\\/#article\",\"isPartOf\":{\"@id\":\"https:\\\/\\\/blog.infraspeak.com\\\/pt-pt\\\/consumos-de-edificios\\\/\"},\"author\":{\"name\":\"Infraspeak Team\",\"@id\":\"https:\\\/\\\/blog.infraspeak.com\\\/pt-pt\\\/#\\\/schema\\\/person\\\/b53887f01881a658b4cc1bf25f2d4377\"},\"headline\":\"Novo M\u00f3dulo de Consumos de Edif\u00edcios\",\"datePublished\":\"2019-06-18T11:03:26+00:00\",\"dateModified\":\"2026-04-02T18:40:57+00:00\",\"mainEntityOfPage\":{\"@id\":\"https:\\\/\\\/blog.infraspeak.com\\\/pt-pt\\\/consumos-de-edificios\\\/\"},\"wordCount\":459,\"commentCount\":0,\"publisher\":{\"@id\":\"https:\\\/\\\/blog.infraspeak.com\\\/pt-pt\\\/#organization\"},\"image\":{\"@id\":\"https:\\\/\\\/blog.infraspeak.com\\\/pt-pt\\\/consumos-de-edificios\\\/#primaryimage\"},\"thumbnailUrl\":\"https:\\\/\\\/blog.infraspeak.com\\\/wp-content\\\/uploads\\\/2019\\\/06\\\/AdobeStock_175900598-min.jpeg\",\"keywords\":[\"consumos\",\"eletricidade\",\"novidades\"],\"articleSection\":[\"Infraspeak\"],\"inLanguage\":\"pt-PT\"},{\"@type\":\"WebPage\",\"@id\":\"https:\\\/\\\/blog.infraspeak.com\\\/pt-pt\\\/consumos-de-edificios\\\/\",\"url\":\"https:\\\/\\\/blog.infraspeak.com\\\/pt-pt\\\/consumos-de-edificios\\\/\",\"name\":\"Novo M\u00f3dulo de Consumos de Edif\u00edcios &#8226; Infraspeak Blog\",\"isPartOf\":{\"@id\":\"https:\\\/\\\/blog.infraspeak.com\\\/pt-pt\\\/#website\"},\"primaryImageOfPage\":{\"@id\":\"https:\\\/\\\/blog.infraspeak.com\\\/pt-pt\\\/consumos-de-edificios\\\/#primaryimage\"},\"image\":{\"@id\":\"https:\\\/\\\/blog.infraspeak.com\\\/pt-pt\\\/consumos-de-edificios\\\/#primaryimage\"},\"thumbnailUrl\":\"https:\\\/\\\/blog.infraspeak.com\\\/wp-content\\\/uploads\\\/2019\\\/06\\\/AdobeStock_175900598-min.jpeg\",\"datePublished\":\"2019-06-18T11:03:26+00:00\",\"dateModified\":\"2026-04-02T18:40:57+00:00\",\"description\":\"Este m\u00f3dulo permite-lhe\u00a0manter sob controlo todos os gastos de electricidade, \u00e1gua e g\u00e1s dos seus edif\u00edcios, de forma simples e visualmente apelativa.\",\"breadcrumb\":{\"@id\":\"https:\\\/\\\/blog.infraspeak.com\\\/pt-pt\\\/consumos-de-edificios\\\/#breadcrumb\"},\"inLanguage\":\"pt-PT\",\"potentialAction\":[{\"@type\":\"ReadAction\",\"target\":[\"https:\\\/\\\/blog.infraspeak.com\\\/pt-pt\\\/consumos-de-edificios\\\/\"]}]},{\"@type\":\"ImageObject\",\"inLanguage\":\"pt-PT\",\"@id\":\"https:\\\/\\\/blog.infraspeak.com\\\/pt-pt\\\/consumos-de-edificios\\\/#primaryimage\",\"url\":\"https:\\\/\\\/blog.infraspeak.com\\\/wp-content\\\/uploads\\\/2019\\\/06\\\/AdobeStock_175900598-min.jpeg\",\"contentUrl\":\"https:\\\/\\\/blog.infraspeak.com\\\/wp-content\\\/uploads\\\/2019\\\/06\\\/AdobeStock_175900598-min.jpeg\",\"width\":6000,\"height\":3500},{\"@type\":\"BreadcrumbList\",\"@id\":\"https:\\\/\\\/blog.infraspeak.com\\\/pt-pt\\\/consumos-de-edificios\\\/#breadcrumb\",\"itemListElement\":[{\"@type\":\"ListItem\",\"position\":1,\"name\":\"Home\",\"item\":\"https:\\\/\\\/blog.infraspeak.com\\\/\"},{\"@type\":\"ListItem\",\"position\":2,\"name\":\"Novo M\u00f3dulo de Consumos de Edif\u00edcios\"}]},{\"@type\":\"WebSite\",\"@id\":\"https:\\\/\\\/blog.infraspeak.com\\\/pt-pt\\\/#website\",\"url\":\"https:\\\/\\\/blog.infraspeak.com\\\/pt-pt\\\/\",\"name\":\"Infraspeak Blog\",\"description\":\"All About Maintenance and Facilities Management\",\"publisher\":{\"@id\":\"https:\\\/\\\/blog.infraspeak.com\\\/pt-pt\\\/#organization\"},\"potentialAction\":[{\"@type\":\"SearchAction\",\"target\":{\"@type\":\"EntryPoint\",\"urlTemplate\":\"https:\\\/\\\/blog.infraspeak.com\\\/pt-pt\\\/?s={search_term_string}\"},\"query-input\":{\"@type\":\"PropertyValueSpecification\",\"valueRequired\":true,\"valueName\":\"search_term_string\"}}],\"inLanguage\":\"pt-PT\"},{\"@type\":\"Organization\",\"@id\":\"https:\\\/\\\/blog.infraspeak.com\\\/pt-pt\\\/#organization\",\"name\":\"Infraspeak\",\"url\":\"https:\\\/\\\/blog.infraspeak.com\\\/pt-pt\\\/\",\"logo\":{\"@type\":\"ImageObject\",\"inLanguage\":\"pt-PT\",\"@id\":\"https:\\\/\\\/blog.infraspeak.com\\\/pt-pt\\\/#\\\/schema\\\/logo\\\/image\\\/\",\"url\":\"https:\\\/\\\/blog.infraspeak.com\\\/wp-content\\\/uploads\\\/2018\\\/11\\\/is-logo@2x.png\",\"contentUrl\":\"https:\\\/\\\/blog.infraspeak.com\\\/wp-content\\\/uploads\\\/2018\\\/11\\\/is-logo@2x.png\",\"width\":544,\"height\":180,\"caption\":\"Infraspeak\"},\"image\":{\"@id\":\"https:\\\/\\\/blog.infraspeak.com\\\/pt-pt\\\/#\\\/schema\\\/logo\\\/image\\\/\"},\"sameAs\":[\"https:\\\/\\\/www.facebook.com\\\/infraspeakmaintenance\",\"https:\\\/\\\/x.com\\\/infraspeak\",\"https:\\\/\\\/www.instagram.com\\\/infraspeak\\\/\",\"http:\\\/\\\/www.linkedin.com\\\/company\\\/infraspeak\",\"https:\\\/\\\/www.youtube.com\\\/channel\\\/UCOdjKyhSD9RJbRhuP-S8Avw\"]},{\"@type\":\"Person\",\"@id\":\"https:\\\/\\\/blog.infraspeak.com\\\/pt-pt\\\/#\\\/schema\\\/person\\\/b53887f01881a658b4cc1bf25f2d4377\",\"name\":\"Infraspeak Team\",\"image\":{\"@type\":\"ImageObject\",\"inLanguage\":\"pt-PT\",\"@id\":\"https:\\\/\\\/blog.infraspeak.com\\\/wp-content\\\/uploads\\\/2023\\\/02\\\/296167549_2627985274000609_8314221938057526692_n-120x120.jpg\",\"url\":\"https:\\\/\\\/blog.infraspeak.com\\\/wp-content\\\/uploads\\\/2023\\\/02\\\/296167549_2627985274000609_8314221938057526692_n-120x120.jpg\",\"contentUrl\":\"https:\\\/\\\/blog.infraspeak.com\\\/wp-content\\\/uploads\\\/2023\\\/02\\\/296167549_2627985274000609_8314221938057526692_n-120x120.jpg\",\"caption\":\"Infraspeak Team\"},\"url\":\"https:\\\/\\\/blog.infraspeak.com\\\/pt-pt\\\/author\\\/infraspeakteam\\\/\"}]}<\/script>\n<!-- \/ Yoast SEO plugin. -->","yoast_head_json":{"title":"Novo M\u00f3dulo de Consumos de Edif\u00edcios &#8226; Infraspeak Blog","description":"Este m\u00f3dulo permite-lhe\u00a0manter sob controlo todos os gastos de electricidade, \u00e1gua e g\u00e1s dos seus edif\u00edcios, de forma simples e visualmente apelativa.","robots":{"index":"index","follow":"follow","max-snippet":"max-snippet:-1","max-image-preview":"max-image-preview:large","max-video-preview":"max-video-preview:-1"},"canonical":"https:\/\/blog.infraspeak.com\/pt-pt\/consumos-de-edificios\/","og_locale":"pt_PT","og_type":"article","og_title":"Novo M\u00f3dulo de Consumos de Edif\u00edcios &#8226; Infraspeak Blog","og_description":"Este m\u00f3dulo permite-lhe\u00a0manter sob controlo todos os gastos de electricidade, \u00e1gua e g\u00e1s dos seus edif\u00edcios, de forma simples e visualmente apelativa.","og_url":"https:\/\/blog.infraspeak.com\/pt-pt\/consumos-de-edificios\/","og_site_name":"Infraspeak Blog","article_publisher":"https:\/\/www.facebook.com\/infraspeakmaintenance","article_published_time":"2019-06-18T11:03:26+00:00","article_modified_time":"2026-04-02T18:40:57+00:00","og_image":[{"width":6000,"height":3500,"url":"https:\/\/blog.infraspeak.com\/wp-content\/uploads\/2019\/06\/AdobeStock_175900598-min.jpeg","type":"image\/jpeg"}],"author":"Infraspeak Team","twitter_card":"summary_large_image","twitter_creator":"@infraspeak","twitter_site":"@infraspeak","twitter_misc":{"Escrito por":"Infraspeak Team","Tempo estimado de leitura":"2 minutos"},"schema":{"@context":"https:\/\/schema.org","@graph":[{"@type":"Article","@id":"https:\/\/blog.infraspeak.com\/pt-pt\/consumos-de-edificios\/#article","isPartOf":{"@id":"https:\/\/blog.infraspeak.com\/pt-pt\/consumos-de-edificios\/"},"author":{"name":"Infraspeak Team","@id":"https:\/\/blog.infraspeak.com\/pt-pt\/#\/schema\/person\/b53887f01881a658b4cc1bf25f2d4377"},"headline":"Novo M\u00f3dulo de Consumos de Edif\u00edcios","datePublished":"2019-06-18T11:03:26+00:00","dateModified":"2026-04-02T18:40:57+00:00","mainEntityOfPage":{"@id":"https:\/\/blog.infraspeak.com\/pt-pt\/consumos-de-edificios\/"},"wordCount":459,"commentCount":0,"publisher":{"@id":"https:\/\/blog.infraspeak.com\/pt-pt\/#organization"},"image":{"@id":"https:\/\/blog.infraspeak.com\/pt-pt\/consumos-de-edificios\/#primaryimage"},"thumbnailUrl":"https:\/\/blog.infraspeak.com\/wp-content\/uploads\/2019\/06\/AdobeStock_175900598-min.jpeg","keywords":["consumos","eletricidade","novidades"],"articleSection":["Infraspeak"],"inLanguage":"pt-PT"},{"@type":"WebPage","@id":"https:\/\/blog.infraspeak.com\/pt-pt\/consumos-de-edificios\/","url":"https:\/\/blog.infraspeak.com\/pt-pt\/consumos-de-edificios\/","name":"Novo M\u00f3dulo de Consumos de Edif\u00edcios &#8226; Infraspeak Blog","isPartOf":{"@id":"https:\/\/blog.infraspeak.com\/pt-pt\/#website"},"primaryImageOfPage":{"@id":"https:\/\/blog.infraspeak.com\/pt-pt\/consumos-de-edificios\/#primaryimage"},"image":{"@id":"https:\/\/blog.infraspeak.com\/pt-pt\/consumos-de-edificios\/#primaryimage"},"thumbnailUrl":"https:\/\/blog.infraspeak.com\/wp-content\/uploads\/2019\/06\/AdobeStock_175900598-min.jpeg","datePublished":"2019-06-18T11:03:26+00:00","dateModified":"2026-04-02T18:40:57+00:00","description":"Este m\u00f3dulo permite-lhe\u00a0manter sob controlo todos os gastos de electricidade, \u00e1gua e g\u00e1s dos seus edif\u00edcios, de forma simples e visualmente apelativa.","breadcrumb":{"@id":"https:\/\/blog.infraspeak.com\/pt-pt\/consumos-de-edificios\/#breadcrumb"},"inLanguage":"pt-PT","potentialAction":[{"@type":"ReadAction","target":["https:\/\/blog.infraspeak.com\/pt-pt\/consumos-de-edificios\/"]}]},{"@type":"ImageObject","inLanguage":"pt-PT","@id":"https:\/\/blog.infraspeak.com\/pt-pt\/consumos-de-edificios\/#primaryimage","url":"https:\/\/blog.infraspeak.com\/wp-content\/uploads\/2019\/06\/AdobeStock_175900598-min.jpeg","contentUrl":"https:\/\/blog.infraspeak.com\/wp-content\/uploads\/2019\/06\/AdobeStock_175900598-min.jpeg","width":6000,"height":3500},{"@type":"BreadcrumbList","@id":"https:\/\/blog.infraspeak.com\/pt-pt\/consumos-de-edificios\/#breadcrumb","itemListElement":[{"@type":"ListItem","position":1,"name":"Home","item":"https:\/\/blog.infraspeak.com\/"},{"@type":"ListItem","position":2,"name":"Novo M\u00f3dulo de Consumos de Edif\u00edcios"}]},{"@type":"WebSite","@id":"https:\/\/blog.infraspeak.com\/pt-pt\/#website","url":"https:\/\/blog.infraspeak.com\/pt-pt\/","name":"Infraspeak Blog","description":"All About Maintenance and Facilities Management","publisher":{"@id":"https:\/\/blog.infraspeak.com\/pt-pt\/#organization"},"potentialAction":[{"@type":"SearchAction","target":{"@type":"EntryPoint","urlTemplate":"https:\/\/blog.infraspeak.com\/pt-pt\/?s={search_term_string}"},"query-input":{"@type":"PropertyValueSpecification","valueRequired":true,"valueName":"search_term_string"}}],"inLanguage":"pt-PT"},{"@type":"Organization","@id":"https:\/\/blog.infraspeak.com\/pt-pt\/#organization","name":"Infraspeak","url":"https:\/\/blog.infraspeak.com\/pt-pt\/","logo":{"@type":"ImageObject","inLanguage":"pt-PT","@id":"https:\/\/blog.infraspeak.com\/pt-pt\/#\/schema\/logo\/image\/","url":"https:\/\/blog.infraspeak.com\/wp-content\/uploads\/2018\/11\/is-logo@2x.png","contentUrl":"https:\/\/blog.infraspeak.com\/wp-content\/uploads\/2018\/11\/is-logo@2x.png","width":544,"height":180,"caption":"Infraspeak"},"image":{"@id":"https:\/\/blog.infraspeak.com\/pt-pt\/#\/schema\/logo\/image\/"},"sameAs":["https:\/\/www.facebook.com\/infraspeakmaintenance","https:\/\/x.com\/infraspeak","https:\/\/www.instagram.com\/infraspeak\/","http:\/\/www.linkedin.com\/company\/infraspeak","https:\/\/www.youtube.com\/channel\/UCOdjKyhSD9RJbRhuP-S8Avw"]},{"@type":"Person","@id":"https:\/\/blog.infraspeak.com\/pt-pt\/#\/schema\/person\/b53887f01881a658b4cc1bf25f2d4377","name":"Infraspeak Team","image":{"@type":"ImageObject","inLanguage":"pt-PT","@id":"https:\/\/blog.infraspeak.com\/wp-content\/uploads\/2023\/02\/296167549_2627985274000609_8314221938057526692_n-120x120.jpg","url":"https:\/\/blog.infraspeak.com\/wp-content\/uploads\/2023\/02\/296167549_2627985274000609_8314221938057526692_n-120x120.jpg","contentUrl":"https:\/\/blog.infraspeak.com\/wp-content\/uploads\/2023\/02\/296167549_2627985274000609_8314221938057526692_n-120x120.jpg","caption":"Infraspeak Team"},"url":"https:\/\/blog.infraspeak.com\/pt-pt\/author\/infraspeakteam\/"}]}},"_links":{"self":[{"href":"https:\/\/blog.infraspeak.com\/pt-pt\/wp-json\/wp\/v2\/posts\/2119","targetHints":{"allow":["GET"]}}],"collection":[{"href":"https:\/\/blog.infraspeak.com\/pt-pt\/wp-json\/wp\/v2\/posts"}],"about":[{"href":"https:\/\/blog.infraspeak.com\/pt-pt\/wp-json\/wp\/v2\/types\/post"}],"author":[{"embeddable":true,"href":"https:\/\/blog.infraspeak.com\/pt-pt\/wp-json\/wp\/v2\/users\/54"}],"replies":[{"embeddable":true,"href":"https:\/\/blog.infraspeak.com\/pt-pt\/wp-json\/wp\/v2\/comments?post=2119"}],"version-history":[{"count":7,"href":"https:\/\/blog.infraspeak.com\/pt-pt\/wp-json\/wp\/v2\/posts\/2119\/revisions"}],"predecessor-version":[{"id":34966,"href":"https:\/\/blog.infraspeak.com\/pt-pt\/wp-json\/wp\/v2\/posts\/2119\/revisions\/34966"}],"wp:featuredmedia":[{"embeddable":true,"href":"https:\/\/blog.infraspeak.com\/pt-pt\/wp-json\/wp\/v2\/media\/2117"}],"wp:attachment":[{"href":"https:\/\/blog.infraspeak.com\/pt-pt\/wp-json\/wp\/v2\/media?parent=2119"}],"wp:term":[{"taxonomy":"category","embeddable":true,"href":"https:\/\/blog.infraspeak.com\/pt-pt\/wp-json\/wp\/v2\/categories?post=2119"},{"taxonomy":"post_tag","embeddable":true,"href":"https:\/\/blog.infraspeak.com\/pt-pt\/wp-json\/wp\/v2\/tags?post=2119"}],"curies":[{"name":"wp","href":"https:\/\/api.w.org\/{rel}","templated":true}]}}