{"id":4382,"date":"2020-03-13T15:21:21","date_gmt":"2020-03-13T15:21:21","guid":{"rendered":"http:\/\/blog.infraspeak.com\/?p=4382"},"modified":"2026-04-02T18:37:28","modified_gmt":"2026-04-02T18:37:28","slug":"recomendacoes-para-planejamento-programacao-e-controle-de-manutencao-eficiente","status":"publish","type":"post","link":"https:\/\/blog.infraspeak.com\/pt-br\/recomendacoes-para-planejamento-programacao-e-controle-de-manutencao-eficiente\/","title":{"rendered":"7 recomenda\u00e7\u00f5es para um planejamento, programa\u00e7\u00e3o e controle de Manuten\u00e7\u00e3o eficiente"},"content":{"rendered":"<div id=\"bsf_rt_marker\"><\/div><p>O t\u00edtulo deste texto ao ser invertido, nos oferece a perspectiva correta da abordagem de uma boa Gest\u00e3o de Ativos: Como ser eficiente no Planejamento, na Programa\u00e7\u00e3o e no Controle da Manuten\u00e7\u00e3o?<\/p>\n<p>Temos tr\u00eas etapas, sucessivas, como uma corrente fechada. Para se ter efici\u00eancia a resposta \u00e9 simples e direta. Seja eficiente, no mesmo n\u00edvel, em cada uma das etapas.<\/p>\n<p>Em nosso texto sobre <a href=\"https:\/\/blog.infraspeak.com\/pt-br\/como-estabelecer-e-gerenciar-slas-com-servicos-terceirizados\/\" target=\"_blank\" rel=\"noopener\">Acordo de N\u00edvel de Servi\u00e7os para Servi\u00e7os Terceirizados<\/a> j\u00e1 demos uma pista sobre a sistem\u00e1tica para se trabalhar de forma encadeada e obter sucesso em todos os processos. Serve como uma luva aqui nessa tratativa sobre PCM.<\/p>\n<p>\u00c9 \u00f3bvio, mas para dar liga nesta \u201creceita de bolo\u201d, vale ressaltar:<\/p>\n<ol>\n<li>Sem planejamento n\u00e3o se sabe o que h\u00e1 para fazer, quando fazer, com que e com quem fazer, porque fazer, como fazer, onde fazer. Lembra do <a href=\"https:\/\/endeavor.org.br\/pessoas\/5w2h\/\" target=\"_blank\" rel=\"noopener\">5W+2H<\/a>?<br \/>\n\u00c9 nessa etapa da hist\u00f3ria que a gente quantifica e qualifica tudo que se imagina vir\u00e1 ou poder\u00e1 vir pela frente.<\/li>\n<li>Sem programa\u00e7\u00e3o o que se levantou na fase de planejamento fica na base do est\u00e1 no quadro, mas a gente n\u00e3o sabe se vai fazer. T\u00e1 l\u00e1, como um mero lembrete.<\/li>\n<li>Sem controle nunca saberemos se est\u00e1 ou foi feito como planejado e programado.<\/li>\n<\/ol>\n<p><strong>Custou o que deveria ou pensou-se? <\/strong><br \/>\n<strong>Foi feito ou est\u00e1 acontecendo no prazo estabelecido? <\/strong><br \/>\n<strong>Vai prejudicar ou facilitar o que vem depois? <\/strong><br \/>\n<strong>H\u00e1 corre\u00e7\u00f5es a fazer? <\/strong><br \/>\n<strong>Algo a mudar no Planejamento e na Programa\u00e7\u00e3o? <\/strong><\/p>\n<p>Respostas a estas perguntas s\u00f3 se existir controle. Controle bom e eficiente.<\/p>\n<p>Veja que at\u00e9 aqui n\u00e3o falamos de <a href=\"https:\/\/blog.infraspeak.com\/pt-br\/manutencao-preventiva\/\">preventiva<\/a>, <a href=\"https:\/\/blog.infraspeak.com\/pt-br\/manutencao-corretiva\/\">corretiva<\/a> ou <a href=\"https:\/\/blog.infraspeak.com\/pt-br\/manutencao-preditiva\/\">preditiva<\/a>. O PPCM se ocupa de tudo, inclusive aquilo que foi inesperado e teve que ser tratado, resolvido.<\/p>\n<h2>7 Dicas para ser eficiente em um PPCM<\/h2>\n<h3>Metas e Objetivos<\/h3>\n<p>A primeira sugest\u00e3o \u00e9 bem radical. N\u00e3o gaste seu tempo e dinheiro com PPC se n\u00e3o faz ideia de onde quer chegar e o que lhe ser\u00e1 entregue. Se ainda tem d\u00favida sobre isso, sugiro dar uma lida em nosso texto sobre <a href=\"https:\/\/blog.infraspeak.com\/pt-br\/manutencao-centrada-no-negocio\/\" target=\"_blank\" rel=\"noopener\">Manuten\u00e7\u00e3o Centrada no Neg\u00f3cio<\/a>.<\/p>\n<h3>Software de Gest\u00e3o<\/h3>\n<p>A segunda dica \u00e9 meio \u00f3bvia, mas n\u00e3o podemos deixar de citar. Nossa conversa aqui n\u00e3o \u00e9 para passar uma receita de bolo. Mas se fosse um bolo de cenoura, diria a voc\u00ea que n\u00e3o comece nada sem &#8230; cenoura.<\/p>\n<p>A nossa cenoura aqui \u00e9 o Sistema de Informa\u00e7\u00f5es, o <a href=\"https:\/\/infraspeak.com\/pt-br\/plataforma\/software-gestao-de-ativos\">software gest\u00e3o de ativos<\/a>, a ferramenta onde ser\u00e3o alocados os dados que ser\u00e3o utilizados em todos os momentos, desde o mais inicial planejamento ao mais completo reporte de finaliza\u00e7\u00e3o de uma parada de grande porte.<\/p>\n<p>Se voc\u00ea n\u00e3o tem um <a href=\"https:\/\/infraspeak.com\/pt-br\/solucoes\/software-cmms\">software CMMS<\/a> ou est\u00e1 buscando uma ferramenta de gest\u00e3o da Manuten\u00e7\u00e3o mais adequada ao seu neg\u00f3cio, vale uma lida do nosso texto <a href=\"https:\/\/blog.infraspeak.com\/pt-br\/software-de-gestao-de-ativos\/\">26 Raz\u00f5es para se ter um bom Software de Gest\u00e3o de Ativos<\/a><\/p>\n<h3>Invent\u00e1rio e Cadastro de Ativos<\/h3>\n<p>Nossas empresas est\u00e3o obrigadas a serem din\u00e2micas. Quem n\u00e3o se mexe, fica para tr\u00e1s. A Manuten\u00e7\u00e3o tamb\u00e9m n\u00e3o escapa deste mantra. Periodicamente devemos os crit\u00e9rios de estabelecimento de criticidades, fundamentais para estabelecimento de estrat\u00e9gias de interven\u00e7\u00e3o e gerenciamento de ativos. Equipamentos novos chegam, outros s\u00e3o desativados e h\u00e1 os que s\u00e3o modificados. \u00c9 do invent\u00e1rio e cadastro atualizados que vamos mudando os haveres e deveres com rela\u00e7\u00e3o a materiais, pe\u00e7as sobressalentes e at\u00e9 o dimensionamento e a qualifica\u00e7\u00e3o de pessoal, sendo fundamental contar com um <a href=\"https:\/\/infraspeak.com\/pt-br\/solucoes\/software-gestao-estoque\">software gest\u00e3o de estoque<\/a> para otimizar esse controle.<\/p>\n<h3>Planejamento<\/h3>\n<p>Considere que o planejamento \u00e9 a m\u00e3e de todas as batalhas. N\u00e3o h\u00e1 como dar \u201cconta do recado\u201d sem ter uma vis\u00e3o global, de longo prazo, diria num m\u00ednimo de 18 a 24 meses, para estabelecimento das necessidades, dos pontos de aten\u00e7\u00e3o, dos recursos, das interfer\u00eancias e das oportunidades.<\/p>\n<p>Quando falamos de planejamento nos referimos a manuten\u00e7\u00e3o preventiva. Que pode ser por tempo, quando os servi\u00e7os s\u00e3o preestabelecidos (preventiva sistem\u00e1tica, lubrifica\u00e7\u00e3o, inspe\u00e7\u00e3o ou rotina) e definidas por unidades de calend\u00e1rio (dia, semana) ou ainda por unidade n\u00e3o-calend\u00e1rio (horas de funcionamento, quil\u00f4metros rodados, etc.).<\/p>\n<p>H\u00e1 quem pense que o Planejamento ocorre uma vez ao ano. Dizem que \u00e9 quando no in\u00edcio do ano a empresa faz sua macro prepara\u00e7\u00e3o. Ledo engano. A efici\u00eancia no Planejamento passa pela revis\u00e3o peri\u00f3dica.<\/p>\n<p>Observe as empresas multinacionais, que puxadas pelo lado financeiro, todo ano, antes de come\u00e7ar o exerc\u00edcio fiscal, constroem ou determinam o Budget (Or\u00e7amento). Esse limitador ou condicionador \u00e9 o \u201cregulamento e tabela\u201d a ser seguido pela gest\u00e3o das \u00e1reas dos neg\u00f3cios. Mas todas elas, sem exce\u00e7\u00e3o, fazem, no m\u00ednimo a cada 3 meses, uma revis\u00e3o do Budget, que chamam de Forecast. A Manuten\u00e7\u00e3o eficiente deve fazer o mesmo que o Financeiro, casadinho, com seu planejamento.<\/p>\n<p>A dica dentro da dica \u00e9 que as boas empresas sempre fazem uma boa discuss\u00e3o interna para gerar o planejamento anual, incluindo um evento para informar, motivar e engajar a equipe como um todo.<\/p>\n<h3><\/h3>\n<h3>Programa\u00e7\u00e3o de Manuten\u00e7\u00e3o<\/h3>\n<p>Enquanto o Planejamento olha as coisas numa vis\u00e3o de longo prazo, usualmente ali pelas 52 semanas, a Programa\u00e7\u00e3o se ocupa da a\u00e7\u00e3o que vai anteceder a execu\u00e7\u00e3o, em geral numa vis\u00e3o de 4 semanas. A Programa\u00e7\u00e3o eficiente se ocupa dos ajustes finais, do detalhe n\u00e3o contemplado pelo planejamento, na aloca\u00e7\u00e3o mais precisa, dada a proximidade do evento previsto com muito tempo de anteced\u00eancia.<\/p>\n<p>Mas vale ressaltar que a Programa\u00e7\u00e3o mostra seu valor \u00e9 na inclus\u00e3o e organiza\u00e7\u00e3o dos eventos n\u00e3o previstos no Planejamento, como \u00e9 o caso das interven\u00e7\u00f5es de corretiva.<\/p>\n<p>Para equipes que executam manuten\u00e7\u00e3o em campo, um <a href=\"https:\/\/infraspeak.com\/pt-br\/solucoes\/software-field-service-management\">software field service management<\/a> pode otimizar significativamente o planejamento e controle das atividades externas, facilitando a programa\u00e7\u00e3o das interven\u00e7\u00f5es n\u00e3o previstas.<\/p>\n<p>Nos sistemas de gest\u00e3o modernos \u00e9 poss\u00edvel gerar as OS (Ordens de Servi\u00e7os) e suas instru\u00e7\u00f5es de manuten\u00e7\u00e3o (ou lista de tarefas) com todos os descritivos dos procedimentos de manuten\u00e7\u00e3o, recomenda\u00e7\u00f5es de seguran\u00e7a e recursos humanos e materiais necess\u00e1rios ao desenvolvimento de uma atividade programada.<\/p>\n<p>As boas empresas do ramo fazem reuni\u00f5es de programa\u00e7\u00e3o semanal.<\/p>\n<h3><\/h3>\n<h3>Coleta de Dados de Manuten\u00e7\u00e3o<\/h3>\n<p>Sem Controle, como j\u00e1 dissemos, n\u00e3o h\u00e1 nada. N\u00e3o haver\u00e1 efici\u00eancia a ser medida e, portanto, nada a reportar. E qual gerencia sobrevive sem n\u00fameros, indicadores, comprova\u00e7\u00e3o de seus feitos ou n\u00e3o feitos?<\/p>\n<p>S\u00e3o muitos e diversos os mecanismos de forma\u00e7\u00e3o do acervo hist\u00f3rico da manuten\u00e7\u00e3o, mas em se tratando de recursos de sele\u00e7\u00e3o e armazenagem de informa\u00e7\u00f5es, \u00e9 preciso ter tudo em m\u00e3os, para apoio \u00e0 decis\u00e3o, em tempo real.<\/p>\n<p>Um <a href=\"https:\/\/infraspeak.com\/pt-br\/solucoes\/software-cafm\">software CAFM<\/a> pode ser especialmente \u00fatil para empresas que precisam integrar a gest\u00e3o de ativos com o gerenciamento de facilities, oferecendo recursos avan\u00e7ados de sele\u00e7\u00e3o e armazenagem de informa\u00e7\u00f5es em tempo real.<\/p>\n<p>N\u00e3o haver\u00e1 efici\u00eancia se as an\u00e1lises de performance forem feitas sobre relat\u00f3rios que levaram semanas para serem preparados e apresentados.<\/p>\n<p>Imagina a cena de horror o gerente ter que tomar decis\u00f5es com 60 dias de atraso quanto a material, m\u00e3o de obra, perda de produ\u00e7\u00e3o e outras medi\u00e7\u00f5es.<\/p>\n<p>A boa contribui\u00e7\u00e3o do Controle se cristaliza no Painel de Gest\u00e3o a Vista e no Dashboad com os principais indicadores bem apresentados e facilmente entend\u00edveis.<\/p>\n<p>Para garantir que todas as atividades de manuten\u00e7\u00e3o estejam em conformidade com normas e regulamenta\u00e7\u00f5es, um <a href=\"https:\/\/infraspeak.com\/pt-br\/plataforma\/conformidade\">software de compliance<\/a> \u00e9 essencial no processo de PPCM, complementando os dashboards e pain\u00e9is de gest\u00e3o \u00e0 vista.<\/p>\n<h3>As Pessoas<\/h3>\n<p>Quando se contrata uma obra a recomenda\u00e7\u00e3o \u00e9 bem direta: Quem projeta n\u00e3o executa, quem executa n\u00e3o controla. Quer garantia de ter sua obra bem bolada, bem feita e bem fiscalizada? Contrate um profissional habilitado para cada uma dessas fun\u00e7\u00f5es.<\/p>\n<p>No PPCM vale a mesma regra.<\/p>\n<p>A efici\u00eancia deste importante setor da Manuten\u00e7\u00e3o precisa ter claro quem \u00e9 quem e sobre o que se responsabiliza.<\/p>\n<p>A recomenda\u00e7\u00e3o \u00e9 que as pessoas mudem de fun\u00e7\u00e3o de tempos em tempos. A reciclagem e recoloca\u00e7\u00e3o no encadeamento dos processos ajuda os profissionais a entenderem melhor as necessidades de seus clientes e as dificuldades de seus fornecedores. \u00c9 na linha do \u201ceu j\u00e1 estive a\u00ed e sei como \u00e9 que \u00e9\u201d.<\/p>\n<h2>Conclus\u00e3o<\/h2>\n<p>Sabendo que 45% das empresas brasileiras n\u00e3o t\u00eam em suas \u00e1reas de Manuten\u00e7\u00e3o um setor dedicado ao Planejamento, Programa\u00e7\u00e3o e Controle de atividades, fica claro que, se a sua empresa tem uma equipe destacada para o PPCM, esse j\u00e1 \u00e9 um bom sinal de que h\u00e1 uma busca permanente pela efici\u00eancia da Gest\u00e3o de Ativos.<\/p>\n<p>Mas, se na sua empresa ainda n\u00e3o h\u00e1 nem tra\u00e7o de um PPCM em montagem, \u00e9 bom prestar aten\u00e7\u00e3o pois a luz amarela acesa est\u00e1 a informar que daqui a pouco vem a vermelha. Todo cuidado \u00e9 pouco.<\/p>\n","protected":false},"excerpt":{"rendered":"<p>O t\u00edtulo deste texto ao ser invertido, nos oferece a perspectiva correta da abordagem de uma boa Gest\u00e3o de Ativos: Como ser eficiente no Planejamento, na Programa\u00e7\u00e3o e no Controle da Manuten\u00e7\u00e3o? Temos tr\u00eas etapas, sucessivas, como uma corrente fechada. Para se ter efici\u00eancia a resposta \u00e9 simples e direta. Seja eficiente, no mesmo n\u00edvel, [&hellip;]<\/p>\n","protected":false},"author":14,"featured_media":4389,"comment_status":"closed","ping_status":"closed","sticky":false,"template":"","format":"standard","meta":{"content-type":"","footnotes":"","_wp_rev_ctl_limit":""},"categories":[368,366],"tags":[533],"class_list":["post-4382","post","type-post","status-publish","format-standard","has-post-thumbnail","hentry","category-gestao-de-facilities","category-manutencao","tag-pwalter"],"yoast_head":"<!-- This site is optimized with the Yoast SEO plugin v27.3 - https:\/\/yoast.com\/product\/yoast-seo-wordpress\/ -->\n<title>7 recomenda\u00e7\u00f5es para um planejamento, programa\u00e7\u00e3o e controle de Manuten\u00e7\u00e3o eficiente<\/title>\n<meta name=\"description\" content=\"Tenha a perspectiva correta da abordagem de uma boa Gest\u00e3o de Ativos e saiba como ser eficiente no Planejamento, na Programa\u00e7\u00e3o e no Controle da Manuten\u00e7\u00e3o.\" \/>\n<meta name=\"robots\" content=\"index, follow, max-snippet:-1, max-image-preview:large, max-video-preview:-1\" \/>\n<link rel=\"canonical\" href=\"https:\/\/blog.infraspeak.com\/pt-br\/recomendacoes-para-planejamento-programacao-e-controle-de-manutencao-eficiente\/\" \/>\n<meta property=\"og:locale\" content=\"pt_BR\" \/>\n<meta property=\"og:type\" content=\"article\" \/>\n<meta property=\"og:title\" content=\"7 recomenda\u00e7\u00f5es para um planejamento, programa\u00e7\u00e3o e controle de Manuten\u00e7\u00e3o eficiente\" \/>\n<meta property=\"og:description\" content=\"Tenha a perspectiva correta da abordagem de uma boa Gest\u00e3o de Ativos e saiba como ser eficiente no Planejamento, na Programa\u00e7\u00e3o e no Controle da Manuten\u00e7\u00e3o.\" \/>\n<meta property=\"og:url\" content=\"https:\/\/blog.infraspeak.com\/pt-br\/recomendacoes-para-planejamento-programacao-e-controle-de-manutencao-eficiente\/\" \/>\n<meta property=\"og:site_name\" content=\"Infraspeak Blog\" \/>\n<meta property=\"article:publisher\" content=\"https:\/\/www.facebook.com\/infraspeakmaintenance\" \/>\n<meta property=\"article:author\" content=\"https:\/\/blog.infraspeak.com\/wp-content\/uploads\/2019\/10\/assinatura_pauloWalter.png\" \/>\n<meta property=\"article:published_time\" content=\"2020-03-13T15:21:21+00:00\" \/>\n<meta property=\"article:modified_time\" content=\"2026-04-02T18:37:28+00:00\" \/>\n<meta property=\"og:image\" content=\"https:\/\/blog.infraspeak.com\/wp-content\/uploads\/2020\/03\/AdobeStock_322046156.jpeg\" \/>\n\t<meta property=\"og:image:width\" content=\"1280\" \/>\n\t<meta property=\"og:image:height\" content=\"853\" \/>\n\t<meta property=\"og:image:type\" content=\"image\/jpeg\" \/>\n<meta name=\"author\" content=\"Paulo Walter\" \/>\n<meta name=\"twitter:card\" content=\"summary_large_image\" \/>\n<meta name=\"twitter:creator\" content=\"@infraspeak\" \/>\n<meta name=\"twitter:site\" content=\"@infraspeak\" \/>\n<meta name=\"twitter:label1\" content=\"Escrito por\" \/>\n\t<meta name=\"twitter:data1\" content=\"Paulo Walter\" \/>\n\t<meta name=\"twitter:label2\" content=\"Est. tempo de leitura\" \/>\n\t<meta name=\"twitter:data2\" content=\"8 minutos\" \/>\n<script type=\"application\/ld+json\" class=\"yoast-schema-graph\">{\"@context\":\"https:\\\/\\\/schema.org\",\"@graph\":[{\"@type\":\"Article\",\"@id\":\"https:\\\/\\\/blog.infraspeak.com\\\/pt-br\\\/recomendacoes-para-planejamento-programacao-e-controle-de-manutencao-eficiente\\\/#article\",\"isPartOf\":{\"@id\":\"https:\\\/\\\/blog.infraspeak.com\\\/pt-br\\\/recomendacoes-para-planejamento-programacao-e-controle-de-manutencao-eficiente\\\/\"},\"author\":{\"name\":\"Paulo Walter\",\"@id\":\"https:\\\/\\\/blog.infraspeak.com\\\/pt-pt\\\/#\\\/schema\\\/person\\\/4193219bfaa146744b0f151641b0520d\"},\"headline\":\"7 recomenda\u00e7\u00f5es para um planejamento, programa\u00e7\u00e3o e controle de Manuten\u00e7\u00e3o eficiente\",\"datePublished\":\"2020-03-13T15:21:21+00:00\",\"dateModified\":\"2026-04-02T18:37:28+00:00\",\"mainEntityOfPage\":{\"@id\":\"https:\\\/\\\/blog.infraspeak.com\\\/pt-br\\\/recomendacoes-para-planejamento-programacao-e-controle-de-manutencao-eficiente\\\/\"},\"wordCount\":1554,\"publisher\":{\"@id\":\"https:\\\/\\\/blog.infraspeak.com\\\/pt-pt\\\/#organization\"},\"image\":{\"@id\":\"https:\\\/\\\/blog.infraspeak.com\\\/pt-br\\\/recomendacoes-para-planejamento-programacao-e-controle-de-manutencao-eficiente\\\/#primaryimage\"},\"thumbnailUrl\":\"https:\\\/\\\/blog.infraspeak.com\\\/wp-content\\\/uploads\\\/2020\\\/03\\\/AdobeStock_322046156.jpeg\",\"keywords\":[\"pwalter\"],\"articleSection\":[\"Gest\u00e3o de Facilities\",\"Manuten\u00e7\u00e3o\"],\"inLanguage\":\"pt-BR\"},{\"@type\":\"WebPage\",\"@id\":\"https:\\\/\\\/blog.infraspeak.com\\\/pt-br\\\/recomendacoes-para-planejamento-programacao-e-controle-de-manutencao-eficiente\\\/\",\"url\":\"https:\\\/\\\/blog.infraspeak.com\\\/pt-br\\\/recomendacoes-para-planejamento-programacao-e-controle-de-manutencao-eficiente\\\/\",\"name\":\"7 recomenda\u00e7\u00f5es para um planejamento, programa\u00e7\u00e3o e controle de Manuten\u00e7\u00e3o eficiente\",\"isPartOf\":{\"@id\":\"https:\\\/\\\/blog.infraspeak.com\\\/pt-pt\\\/#website\"},\"primaryImageOfPage\":{\"@id\":\"https:\\\/\\\/blog.infraspeak.com\\\/pt-br\\\/recomendacoes-para-planejamento-programacao-e-controle-de-manutencao-eficiente\\\/#primaryimage\"},\"image\":{\"@id\":\"https:\\\/\\\/blog.infraspeak.com\\\/pt-br\\\/recomendacoes-para-planejamento-programacao-e-controle-de-manutencao-eficiente\\\/#primaryimage\"},\"thumbnailUrl\":\"https:\\\/\\\/blog.infraspeak.com\\\/wp-content\\\/uploads\\\/2020\\\/03\\\/AdobeStock_322046156.jpeg\",\"datePublished\":\"2020-03-13T15:21:21+00:00\",\"dateModified\":\"2026-04-02T18:37:28+00:00\",\"description\":\"Tenha a perspectiva correta da abordagem de uma boa Gest\u00e3o de Ativos e saiba como ser eficiente no Planejamento, na Programa\u00e7\u00e3o e no Controle da Manuten\u00e7\u00e3o.\",\"breadcrumb\":{\"@id\":\"https:\\\/\\\/blog.infraspeak.com\\\/pt-br\\\/recomendacoes-para-planejamento-programacao-e-controle-de-manutencao-eficiente\\\/#breadcrumb\"},\"inLanguage\":\"pt-BR\",\"potentialAction\":[{\"@type\":\"ReadAction\",\"target\":[\"https:\\\/\\\/blog.infraspeak.com\\\/pt-br\\\/recomendacoes-para-planejamento-programacao-e-controle-de-manutencao-eficiente\\\/\"]}]},{\"@type\":\"ImageObject\",\"inLanguage\":\"pt-BR\",\"@id\":\"https:\\\/\\\/blog.infraspeak.com\\\/pt-br\\\/recomendacoes-para-planejamento-programacao-e-controle-de-manutencao-eficiente\\\/#primaryimage\",\"url\":\"https:\\\/\\\/blog.infraspeak.com\\\/wp-content\\\/uploads\\\/2020\\\/03\\\/AdobeStock_322046156.jpeg\",\"contentUrl\":\"https:\\\/\\\/blog.infraspeak.com\\\/wp-content\\\/uploads\\\/2020\\\/03\\\/AdobeStock_322046156.jpeg\",\"width\":1280,\"height\":853,\"caption\":\"Engenheiro de manuten\u00e7\u00e3o falando na f\u00e1brica moderna. Ativos de linha de produ\u00e7\u00e3o e planejamento para o trabalho.\"},{\"@type\":\"BreadcrumbList\",\"@id\":\"https:\\\/\\\/blog.infraspeak.com\\\/pt-br\\\/recomendacoes-para-planejamento-programacao-e-controle-de-manutencao-eficiente\\\/#breadcrumb\",\"itemListElement\":[{\"@type\":\"ListItem\",\"position\":1,\"name\":\"Home\",\"item\":\"https:\\\/\\\/blog.infraspeak.com\\\/\"},{\"@type\":\"ListItem\",\"position\":2,\"name\":\"7 recomenda\u00e7\u00f5es para um planejamento, programa\u00e7\u00e3o e controle de Manuten\u00e7\u00e3o eficiente\"}]},{\"@type\":\"WebSite\",\"@id\":\"https:\\\/\\\/blog.infraspeak.com\\\/pt-pt\\\/#website\",\"url\":\"https:\\\/\\\/blog.infraspeak.com\\\/pt-pt\\\/\",\"name\":\"Infraspeak Blog\",\"description\":\"All About Maintenance and Facilities Management\",\"publisher\":{\"@id\":\"https:\\\/\\\/blog.infraspeak.com\\\/pt-pt\\\/#organization\"},\"potentialAction\":[{\"@type\":\"SearchAction\",\"target\":{\"@type\":\"EntryPoint\",\"urlTemplate\":\"https:\\\/\\\/blog.infraspeak.com\\\/pt-pt\\\/?s={search_term_string}\"},\"query-input\":{\"@type\":\"PropertyValueSpecification\",\"valueRequired\":true,\"valueName\":\"search_term_string\"}}],\"inLanguage\":\"pt-BR\"},{\"@type\":\"Organization\",\"@id\":\"https:\\\/\\\/blog.infraspeak.com\\\/pt-pt\\\/#organization\",\"name\":\"Infraspeak\",\"url\":\"https:\\\/\\\/blog.infraspeak.com\\\/pt-pt\\\/\",\"logo\":{\"@type\":\"ImageObject\",\"inLanguage\":\"pt-BR\",\"@id\":\"https:\\\/\\\/blog.infraspeak.com\\\/pt-pt\\\/#\\\/schema\\\/logo\\\/image\\\/\",\"url\":\"https:\\\/\\\/blog.infraspeak.com\\\/wp-content\\\/uploads\\\/2018\\\/11\\\/is-logo@2x.png\",\"contentUrl\":\"https:\\\/\\\/blog.infraspeak.com\\\/wp-content\\\/uploads\\\/2018\\\/11\\\/is-logo@2x.png\",\"width\":544,\"height\":180,\"caption\":\"Infraspeak\"},\"image\":{\"@id\":\"https:\\\/\\\/blog.infraspeak.com\\\/pt-pt\\\/#\\\/schema\\\/logo\\\/image\\\/\"},\"sameAs\":[\"https:\\\/\\\/www.facebook.com\\\/infraspeakmaintenance\",\"https:\\\/\\\/x.com\\\/infraspeak\",\"https:\\\/\\\/www.instagram.com\\\/infraspeak\\\/\",\"http:\\\/\\\/www.linkedin.com\\\/company\\\/infraspeak\",\"https:\\\/\\\/www.youtube.com\\\/channel\\\/UCOdjKyhSD9RJbRhuP-S8Avw\"]},{\"@type\":\"Person\",\"@id\":\"https:\\\/\\\/blog.infraspeak.com\\\/pt-pt\\\/#\\\/schema\\\/person\\\/4193219bfaa146744b0f151641b0520d\",\"name\":\"Paulo Walter\",\"image\":{\"@type\":\"ImageObject\",\"inLanguage\":\"pt-BR\",\"@id\":\"https:\\\/\\\/blog.infraspeak.com\\\/wp-content\\\/uploads\\\/2019\\\/10\\\/foto1-150x150.png\",\"url\":\"https:\\\/\\\/blog.infraspeak.com\\\/wp-content\\\/uploads\\\/2019\\\/10\\\/foto1-150x150.png\",\"contentUrl\":\"https:\\\/\\\/blog.infraspeak.com\\\/wp-content\\\/uploads\\\/2019\\\/10\\\/foto1-150x150.png\",\"caption\":\"Paulo Walter\"},\"description\":\"Nascido no Rio de Janeiro, se diz o mais carioca dos cariocas, por ter vindo ao mundo quando a fam\u00edlia morava no bairro da Lapa, centro da cidade maravilhosa. \u00c9 assim um carioca da gema. Ao longo dos 40 anos de vida profissional morou em 3 pa\u00edses, desempenhando fun\u00e7\u00f5es de gest\u00e3o em 6 empresas nacionais e multinacionais. Hoje atua como consultor e professor de gest\u00e3o de opera\u00e7\u00f5es e manuten\u00e7\u00e3o.\",\"sameAs\":[\"https:\\\/\\\/blog.infraspeak.com\\\/wp-content\\\/uploads\\\/2019\\\/10\\\/assinatura_pauloWalter.png\",\"https:\\\/\\\/www.linkedin.com\\\/in\\\/paulowalter\\\/\"],\"url\":\"https:\\\/\\\/blog.infraspeak.com\\\/pt-br\\\/author\\\/pwalter\\\/\"}]}<\/script>\n<!-- \/ Yoast SEO plugin. -->","yoast_head_json":{"title":"7 recomenda\u00e7\u00f5es para um planejamento, programa\u00e7\u00e3o e controle de Manuten\u00e7\u00e3o eficiente","description":"Tenha a perspectiva correta da abordagem de uma boa Gest\u00e3o de Ativos e saiba como ser eficiente no Planejamento, na Programa\u00e7\u00e3o e no Controle da Manuten\u00e7\u00e3o.","robots":{"index":"index","follow":"follow","max-snippet":"max-snippet:-1","max-image-preview":"max-image-preview:large","max-video-preview":"max-video-preview:-1"},"canonical":"https:\/\/blog.infraspeak.com\/pt-br\/recomendacoes-para-planejamento-programacao-e-controle-de-manutencao-eficiente\/","og_locale":"pt_BR","og_type":"article","og_title":"7 recomenda\u00e7\u00f5es para um planejamento, programa\u00e7\u00e3o e controle de Manuten\u00e7\u00e3o eficiente","og_description":"Tenha a perspectiva correta da abordagem de uma boa Gest\u00e3o de Ativos e saiba como ser eficiente no Planejamento, na Programa\u00e7\u00e3o e no Controle da Manuten\u00e7\u00e3o.","og_url":"https:\/\/blog.infraspeak.com\/pt-br\/recomendacoes-para-planejamento-programacao-e-controle-de-manutencao-eficiente\/","og_site_name":"Infraspeak Blog","article_publisher":"https:\/\/www.facebook.com\/infraspeakmaintenance","article_author":"https:\/\/blog.infraspeak.com\/wp-content\/uploads\/2019\/10\/assinatura_pauloWalter.png","article_published_time":"2020-03-13T15:21:21+00:00","article_modified_time":"2026-04-02T18:37:28+00:00","og_image":[{"width":1280,"height":853,"url":"https:\/\/blog.infraspeak.com\/wp-content\/uploads\/2020\/03\/AdobeStock_322046156.jpeg","type":"image\/jpeg"}],"author":"Paulo Walter","twitter_card":"summary_large_image","twitter_creator":"@infraspeak","twitter_site":"@infraspeak","twitter_misc":{"Escrito por":"Paulo Walter","Est. tempo de leitura":"8 minutos"},"schema":{"@context":"https:\/\/schema.org","@graph":[{"@type":"Article","@id":"https:\/\/blog.infraspeak.com\/pt-br\/recomendacoes-para-planejamento-programacao-e-controle-de-manutencao-eficiente\/#article","isPartOf":{"@id":"https:\/\/blog.infraspeak.com\/pt-br\/recomendacoes-para-planejamento-programacao-e-controle-de-manutencao-eficiente\/"},"author":{"name":"Paulo Walter","@id":"https:\/\/blog.infraspeak.com\/pt-pt\/#\/schema\/person\/4193219bfaa146744b0f151641b0520d"},"headline":"7 recomenda\u00e7\u00f5es para um planejamento, programa\u00e7\u00e3o e controle de Manuten\u00e7\u00e3o eficiente","datePublished":"2020-03-13T15:21:21+00:00","dateModified":"2026-04-02T18:37:28+00:00","mainEntityOfPage":{"@id":"https:\/\/blog.infraspeak.com\/pt-br\/recomendacoes-para-planejamento-programacao-e-controle-de-manutencao-eficiente\/"},"wordCount":1554,"publisher":{"@id":"https:\/\/blog.infraspeak.com\/pt-pt\/#organization"},"image":{"@id":"https:\/\/blog.infraspeak.com\/pt-br\/recomendacoes-para-planejamento-programacao-e-controle-de-manutencao-eficiente\/#primaryimage"},"thumbnailUrl":"https:\/\/blog.infraspeak.com\/wp-content\/uploads\/2020\/03\/AdobeStock_322046156.jpeg","keywords":["pwalter"],"articleSection":["Gest\u00e3o de Facilities","Manuten\u00e7\u00e3o"],"inLanguage":"pt-BR"},{"@type":"WebPage","@id":"https:\/\/blog.infraspeak.com\/pt-br\/recomendacoes-para-planejamento-programacao-e-controle-de-manutencao-eficiente\/","url":"https:\/\/blog.infraspeak.com\/pt-br\/recomendacoes-para-planejamento-programacao-e-controle-de-manutencao-eficiente\/","name":"7 recomenda\u00e7\u00f5es para um planejamento, programa\u00e7\u00e3o e controle de Manuten\u00e7\u00e3o eficiente","isPartOf":{"@id":"https:\/\/blog.infraspeak.com\/pt-pt\/#website"},"primaryImageOfPage":{"@id":"https:\/\/blog.infraspeak.com\/pt-br\/recomendacoes-para-planejamento-programacao-e-controle-de-manutencao-eficiente\/#primaryimage"},"image":{"@id":"https:\/\/blog.infraspeak.com\/pt-br\/recomendacoes-para-planejamento-programacao-e-controle-de-manutencao-eficiente\/#primaryimage"},"thumbnailUrl":"https:\/\/blog.infraspeak.com\/wp-content\/uploads\/2020\/03\/AdobeStock_322046156.jpeg","datePublished":"2020-03-13T15:21:21+00:00","dateModified":"2026-04-02T18:37:28+00:00","description":"Tenha a perspectiva correta da abordagem de uma boa Gest\u00e3o de Ativos e saiba como ser eficiente no Planejamento, na Programa\u00e7\u00e3o e no Controle da Manuten\u00e7\u00e3o.","breadcrumb":{"@id":"https:\/\/blog.infraspeak.com\/pt-br\/recomendacoes-para-planejamento-programacao-e-controle-de-manutencao-eficiente\/#breadcrumb"},"inLanguage":"pt-BR","potentialAction":[{"@type":"ReadAction","target":["https:\/\/blog.infraspeak.com\/pt-br\/recomendacoes-para-planejamento-programacao-e-controle-de-manutencao-eficiente\/"]}]},{"@type":"ImageObject","inLanguage":"pt-BR","@id":"https:\/\/blog.infraspeak.com\/pt-br\/recomendacoes-para-planejamento-programacao-e-controle-de-manutencao-eficiente\/#primaryimage","url":"https:\/\/blog.infraspeak.com\/wp-content\/uploads\/2020\/03\/AdobeStock_322046156.jpeg","contentUrl":"https:\/\/blog.infraspeak.com\/wp-content\/uploads\/2020\/03\/AdobeStock_322046156.jpeg","width":1280,"height":853,"caption":"Engenheiro de manuten\u00e7\u00e3o falando na f\u00e1brica moderna. Ativos de linha de produ\u00e7\u00e3o e planejamento para o trabalho."},{"@type":"BreadcrumbList","@id":"https:\/\/blog.infraspeak.com\/pt-br\/recomendacoes-para-planejamento-programacao-e-controle-de-manutencao-eficiente\/#breadcrumb","itemListElement":[{"@type":"ListItem","position":1,"name":"Home","item":"https:\/\/blog.infraspeak.com\/"},{"@type":"ListItem","position":2,"name":"7 recomenda\u00e7\u00f5es para um planejamento, programa\u00e7\u00e3o e controle de Manuten\u00e7\u00e3o eficiente"}]},{"@type":"WebSite","@id":"https:\/\/blog.infraspeak.com\/pt-pt\/#website","url":"https:\/\/blog.infraspeak.com\/pt-pt\/","name":"Infraspeak Blog","description":"All About Maintenance and Facilities Management","publisher":{"@id":"https:\/\/blog.infraspeak.com\/pt-pt\/#organization"},"potentialAction":[{"@type":"SearchAction","target":{"@type":"EntryPoint","urlTemplate":"https:\/\/blog.infraspeak.com\/pt-pt\/?s={search_term_string}"},"query-input":{"@type":"PropertyValueSpecification","valueRequired":true,"valueName":"search_term_string"}}],"inLanguage":"pt-BR"},{"@type":"Organization","@id":"https:\/\/blog.infraspeak.com\/pt-pt\/#organization","name":"Infraspeak","url":"https:\/\/blog.infraspeak.com\/pt-pt\/","logo":{"@type":"ImageObject","inLanguage":"pt-BR","@id":"https:\/\/blog.infraspeak.com\/pt-pt\/#\/schema\/logo\/image\/","url":"https:\/\/blog.infraspeak.com\/wp-content\/uploads\/2018\/11\/is-logo@2x.png","contentUrl":"https:\/\/blog.infraspeak.com\/wp-content\/uploads\/2018\/11\/is-logo@2x.png","width":544,"height":180,"caption":"Infraspeak"},"image":{"@id":"https:\/\/blog.infraspeak.com\/pt-pt\/#\/schema\/logo\/image\/"},"sameAs":["https:\/\/www.facebook.com\/infraspeakmaintenance","https:\/\/x.com\/infraspeak","https:\/\/www.instagram.com\/infraspeak\/","http:\/\/www.linkedin.com\/company\/infraspeak","https:\/\/www.youtube.com\/channel\/UCOdjKyhSD9RJbRhuP-S8Avw"]},{"@type":"Person","@id":"https:\/\/blog.infraspeak.com\/pt-pt\/#\/schema\/person\/4193219bfaa146744b0f151641b0520d","name":"Paulo Walter","image":{"@type":"ImageObject","inLanguage":"pt-BR","@id":"https:\/\/blog.infraspeak.com\/wp-content\/uploads\/2019\/10\/foto1-150x150.png","url":"https:\/\/blog.infraspeak.com\/wp-content\/uploads\/2019\/10\/foto1-150x150.png","contentUrl":"https:\/\/blog.infraspeak.com\/wp-content\/uploads\/2019\/10\/foto1-150x150.png","caption":"Paulo Walter"},"description":"Nascido no Rio de Janeiro, se diz o mais carioca dos cariocas, por ter vindo ao mundo quando a fam\u00edlia morava no bairro da Lapa, centro da cidade maravilhosa. \u00c9 assim um carioca da gema. Ao longo dos 40 anos de vida profissional morou em 3 pa\u00edses, desempenhando fun\u00e7\u00f5es de gest\u00e3o em 6 empresas nacionais e multinacionais. Hoje atua como consultor e professor de gest\u00e3o de opera\u00e7\u00f5es e manuten\u00e7\u00e3o.","sameAs":["https:\/\/blog.infraspeak.com\/wp-content\/uploads\/2019\/10\/assinatura_pauloWalter.png","https:\/\/www.linkedin.com\/in\/paulowalter\/"],"url":"https:\/\/blog.infraspeak.com\/pt-br\/author\/pwalter\/"}]}},"_links":{"self":[{"href":"https:\/\/blog.infraspeak.com\/pt-br\/wp-json\/wp\/v2\/posts\/4382","targetHints":{"allow":["GET"]}}],"collection":[{"href":"https:\/\/blog.infraspeak.com\/pt-br\/wp-json\/wp\/v2\/posts"}],"about":[{"href":"https:\/\/blog.infraspeak.com\/pt-br\/wp-json\/wp\/v2\/types\/post"}],"author":[{"embeddable":true,"href":"https:\/\/blog.infraspeak.com\/pt-br\/wp-json\/wp\/v2\/users\/14"}],"replies":[{"embeddable":true,"href":"https:\/\/blog.infraspeak.com\/pt-br\/wp-json\/wp\/v2\/comments?post=4382"}],"version-history":[{"count":13,"href":"https:\/\/blog.infraspeak.com\/pt-br\/wp-json\/wp\/v2\/posts\/4382\/revisions"}],"predecessor-version":[{"id":34851,"href":"https:\/\/blog.infraspeak.com\/pt-br\/wp-json\/wp\/v2\/posts\/4382\/revisions\/34851"}],"wp:featuredmedia":[{"embeddable":true,"href":"https:\/\/blog.infraspeak.com\/pt-br\/wp-json\/wp\/v2\/media\/4389"}],"wp:attachment":[{"href":"https:\/\/blog.infraspeak.com\/pt-br\/wp-json\/wp\/v2\/media?parent=4382"}],"wp:term":[{"taxonomy":"category","embeddable":true,"href":"https:\/\/blog.infraspeak.com\/pt-br\/wp-json\/wp\/v2\/categories?post=4382"},{"taxonomy":"post_tag","embeddable":true,"href":"https:\/\/blog.infraspeak.com\/pt-br\/wp-json\/wp\/v2\/tags?post=4382"}],"curies":[{"name":"wp","href":"https:\/\/api.w.org\/{rel}","templated":true}]}}