{"id":2618,"date":"2019-08-02T08:23:28","date_gmt":"2019-08-02T08:23:28","guid":{"rendered":"https:\/\/blog.infraspeak.com\/?p=2618"},"modified":"2023-02-07T17:22:32","modified_gmt":"2023-02-07T17:22:32","slug":"tales-nascimento-coordenador-de-operacoes","status":"publish","type":"post","link":"https:\/\/blog.infraspeak.com\/pt-br\/tales-nascimento-coordenador-de-operacoes\/","title":{"rendered":"Infraspeak Entrevista &#8211; Tales Nascimento, Coordenador de Opera\u00e7\u00f5es na brMalls"},"content":{"rendered":"<div id=\"bsf_rt_marker\"><\/div><p><span style=\"font-weight: 400;\">Conversamos com <\/span><a href=\"https:\/\/www.linkedin.com\/in\/talesnascimento\/\"><span style=\"font-weight: 400;\">Tales Nascimento<\/span><\/a><span style=\"font-weight: 400;\">, coordenador de opera\u00e7\u00f5es na brMalls &#8211;\u00a0 holding de Shopping Centers do Brasil e da Am\u00e9rica Latina, com 29 empreendimentos nas cinco regi\u00f5es do Brasil. Tales fala sobre os problemas mais comuns no mercado hoje, refer\u00eancias e padr\u00f5es e o que podemos esperar do futuro.\u00a0<\/span><\/p>\n<p><span style=\"font-weight: 400;\">Acompanhe abaixo a entrevista na \u00edntegra.<\/span><\/p>\n<h2><b>Infraspeak &#8211; Quais s\u00e3o os problemas encontrados por gestores de facilities hoje?<\/b><\/h2>\n<p>Tales &#8211; Quando falamos de or\u00e7amento, h\u00e1 sempre problemas.\u00a0<span style=\"font-weight: 400;\">Por ser uma \u00e1rea as vezes vista como o &#8220;departamento que gasta&#8221; da empresa, constantemente a \u00e1rea de facilities \u00e9 pressionada para reduzir custos para melhorar resultados de curto prazo de uma empresa, logo o gestor de facilities deve saber administrar bem o or\u00e7amento dispon\u00edvel e garantir que ele agregue valor \u00e0 empresa.<\/span><\/p>\n<p>Um outro problema \u00e9 a quest\u00e3o da qualidade. Na contra m\u00e3o do corte de gasto a \u00e1rea \u00e9 sempre cobrada por alto padr\u00f5es de qualidade, muitas vezes o <em>trade-off<\/em> n\u00e3o \u00e9 levado em conta e cabe ao gestor saber gerenciar o corte do or\u00e7amento com poss\u00edvel perda de qualidade.<\/p>\n<p>A gest\u00e3o de equipes tamb\u00e9m \u00e9 complexa. N<span style=\"font-weight: 400;\">ormalmente com turnover elevado, o\u00a0<\/span><a href=\"https:\/\/www.infraspeak.com\/pt-br\/gestor-de-facility\/\"><span style=\"font-weight: 400;\">gestor de facilities<\/span><\/a><span style=\"font-weight: 400;\"> deve al\u00e9m de ter conhecimento t\u00e9cnico sobre o neg\u00f3cio, ter <em>skills<\/em> para reter os funcion\u00e1rios e mant\u00ea-los motivados.<\/span><\/p>\n<p>O cumprimento de prazos \u00e9 outro problema. P<span style=\"font-weight: 400;\">or ser constantemente cobrado por diversas \u00e1reas, o gestor de facilities deve conseguir organizar as atividades e tamb\u00e9m ter seu escopo bem definidor para cumprir al\u00e9m das tarefas preventivas os pedidos de outras \u00e1reas dentro da hierarquia organizacional.<\/span><\/p>\n<p>Como citado no ponto acima, o gestor de facilities possui v\u00e1rios &#8220;chefes&#8221; na organiza\u00e7\u00e3o pois \u00e9 respons\u00e1vel por dar apoio a varias \u00e1reas, cabe ao gestor administrar bem esses pedidos para n\u00e3o causar atraso nas entregas vitais para o empreendimento.<\/p>\n<h2><b>Infraspeak &#8211; O que causa esses problemas?<\/b><\/h2>\n<p>Tales &#8211; As quest\u00f5es de or\u00e7amento e qualidade, por serem s<span style=\"font-weight: 400;\">etores n\u00e3o geradores de receita, s\u00e3o normalmente atacados a curto prazo, para melhorar resultado da empresa. J\u00e1 os p<\/span>razos e a hierarquia, p<span style=\"font-weight: 400;\">or ser uma atividade que apoia v\u00e1rias \u00e1reas, muitas vezes tem o gestor cobrado de forma exagerada por uma atividade que n\u00e3o gera muito valor \u00e0 empresa.<\/span><\/p>\n<h2><b>Infraspeak &#8211; Dentro da hierarquia operacional em uma empresa qual \u00e9 a fun\u00e7\u00e3o principal dos profissionais?<\/b><\/h2>\n<p>Tales &#8211; A fun\u00e7\u00e3o do t\u00e9cnico \u00e9 g<span style=\"font-weight: 400;\">arantir o cumprimento das atividades de campo seguindo normas e procedimentos corretos. O g<\/span>estor de manuten\u00e7\u00e3o deve elaborar escopo do time de campo, seguindo manuten\u00e7\u00f5es priorit\u00e1rias e preventivas dos equipamentos, al\u00e9m de contratar e reter funcion\u00e1rios de base.<\/p>\n<p>O gestor de Facilities \u00e9 quem gere<span style=\"font-weight: 400;\">\u00a0o contrato da presta\u00e7\u00e3o de servi\u00e7o, contrata e ret\u00e9m funcion\u00e1rios de lideran\u00e7a, enquanto o g<\/span>erente geral \u00e9 respons\u00e1vel pela gest\u00e3o dos contratos, prospectando novas oportunidades e tamb\u00e9m garantindo o modus operandi dos contratos existentes, assim como receber reports dos gestores de facility.<\/p>\n<p>O papel do diretor de TI \u00e9 g<span style=\"font-weight: 400;\">arantir o funcionamento adequado das inova\u00e7\u00f5es\/tecnologias implantadas para facilitar trabalho do gestor de facilities. E o p<\/span>ropriet\u00e1rio \u00e9 r<span style=\"font-weight: 400;\">espons\u00e1vel pela \u00e1rea comercial e manter contato com novas oportunidades.<\/span><\/p>\n<h2><b>Infraspeak &#8211; Qual \u00e9 o cen\u00e1rio atual das quest\u00f5es de seguran\u00e7a operacional e de manuten\u00e7\u00e3o?<\/b><\/h2>\n<p><span style=\"font-weight: 400;\">Tales &#8211; Vejo as empresas se importando cada vez mais com a seguran\u00e7a operacional e de manuten\u00e7\u00e3o, criando ou terceirizando departamentos especializados por garantir a manuten\u00e7\u00e3o\/conserva\u00e7\u00e3o de seus equipamentos, n\u00e3o postergando o prazo de manuten\u00e7\u00e3o dos equipamentos.<\/span><\/p>\n<h2><b>Infraspeak &#8211; Quais s\u00e3o os impactos da Ind\u00fastria 4.0 no mercado?<\/b><\/h2>\n<p><span style=\"font-weight: 400;\">Tales &#8211; A Ind\u00fastria 4.0 melhora a tomada de decis\u00e3o dos gestores, dando insumos em tempo real para garantir maior assertividade de um processo\/a\u00e7\u00e3o.\u00a0<\/span>Tamb\u00e9m permite a redu\u00e7\u00e3o nos custos de produ\u00e7\u00e3o uma vez que se prev\u00ea uma moderniza\u00e7\u00e3o nos processos e nos equipamentos da ind\u00fastria. E ainda, promove uma altera\u00e7\u00e3o na cultura organizacional provocada por uma poss\u00edvel mudan\u00e7a de organograma, o profissional passar\u00e1 a ter uma atividade muito mais gerencial do que m\u00e3o na massa.<\/p>\n<h2><b>Infraspeak &#8211; E os impactos da IoT?<\/b><\/h2>\n<p><span style=\"font-weight: 400;\">Tales &#8211; A Internet das coisas melhora a tomada de decis\u00e3o dos gestores, uma vez que espa\u00e7os f\u00edsicos passam a ser monitorados e<\/span>\u00a0causa a mesma mudan\u00e7a na cultura organizacional provocada por uma poss\u00edvel mudan\u00e7a de organograma, o profissional passar\u00e1 a ter uma atividade muito mais gerencial do que m\u00e3o na massa.<\/p>\n<h2><b>Infraspeak &#8211; Em termos operacionais quais s\u00e3o os principais problemas hoje?<\/b><\/h2>\n<p><span style=\"font-weight: 400;\">Tales &#8211; Profissionais comprometidos no ch\u00e3o de f\u00e1brica e engajados com a empresa buscando crescimento e consequentemente agregando valor \u00e0 organiza\u00e7\u00e3o e<\/span>\u00a0a dificuldade do time de campo em seguir procedimentos, impactando na produtividade e na seguran\u00e7a operacional da empresa.<\/p>\n<h2><b>Infraspeak &#8211; Em que n\u00edvel est\u00e1 a maturidade do mercado brasileiro?<\/b><\/h2>\n<p><span style=\"font-weight: 400;\">Tales &#8211; Acredito que esse ponto deve ser separado por grandes empresas e pequenas. Nas grandes empresas vejo opera\u00e7\u00f5es bem definidas, preocupadas com procedimentos operacionais, com a seguran\u00e7a e com <\/span><a href=\"https:\/\/blog.infraspeak.com\/pt-br\/o-que-e-um-cmms\/\"><span style=\"font-weight: 400;\">softwares<\/span><\/a><span style=\"font-weight: 400;\"> apoiando o trabalho do gestor.\u00a0<\/span>Nas pequenas empresas vejo pouca a\u00e7\u00e3o voltada para a seguran\u00e7a e cumprimento de procedimentos operacionais, acredito que tal decis\u00e3o se deve a incerteza do mercado e pelo alto investimento necess\u00e1rio para mudar a empresa de patamar.<\/p>\n<h2><b>Infraspeak &#8211; Qual pa\u00eds \u00e9 a refer\u00eancia quando o assunto \u00e9 opera\u00e7\u00f5es e manuten\u00e7\u00e3o?<\/b><\/h2>\n<p><span style=\"font-weight: 400;\">Tales &#8211; A Alemanha possui v\u00e1rios procedimentos que passam a ser referencia na \u00e1rea de engenharia e vejo as grandes empresas brasileiras como <\/span><a href=\"http:\/\/www.vale.com\/PT\/Paginas\/Landing.aspx\"><span style=\"font-weight: 400;\">Vale<\/span><\/a><span style=\"font-weight: 400;\"> e <\/span><a href=\"https:\/\/www.ambev.com.br\/\"><span style=\"font-weight: 400;\">Ambev<\/span><\/a><span style=\"font-weight: 400;\">, por exemplo muito bem preparadas tanto na \u00e1rea de gest\u00e3o de manuten\u00e7\u00e3o como tamb\u00e9m na seguran\u00e7a do trabalho.<\/span><\/p>\n<h2><b>Infraspeak &#8211; Onde os profissionais buscam crescimento na carreira neste setor?<\/b><\/h2>\n<p><span style=\"font-weight: 400;\">Tales &#8211; Varias escolas profissionalizantes est\u00e3o criando cursos de MBA para gestores de manuten\u00e7\u00e3o, h\u00e1 tamb\u00e9m os cursos online de pequena dura\u00e7\u00e3o e constantes pesquisas e artigos publicados na internet.<\/span><\/p>\n<h2><b>Infraspeak &#8211; O que esperar deste mercado para os pr\u00f3ximos 5 anos?<\/b><\/h2>\n<p><span style=\"font-weight: 400;\">Tales &#8211; Podemos esperar por um mercado fortemente amparado pela tecnologia &#8211; <\/span><a href=\"https:\/\/blog.infraspeak.com\/pt-br\/internet-das-coisas\/\"><span style=\"font-weight: 400;\">IoT<\/span><\/a><span style=\"font-weight: 400;\">, Industria 4.0 -, com poucos profissionais por\u00e9m com responsabilidades maiores, por p<\/span><span style=\"font-weight: 400;\">rofissionais com multitarefas e voltados para tomada de decis\u00e3o e resolver problemas pontuais. Tamb\u00e9m teremos \u00e1<\/span><span style=\"font-weight: 400;\">reas de facilities &#8220;unit\u00e1rias&#8221; que atuam como c\u00e9lulas para trabalhar nas varias filiais das empresas.\u00a0<\/span><\/p>\n<p><span style=\"font-weight: 400;\">Ex: Os shoppings administrados pela Simon nos EUA possui apenas uma equipe respons\u00e1vel para cuidar da limpeza dos shoppings pr\u00f3ximos, se locomovendo e seguindo cronograma pr\u00e9-definido em cada local.\u00a0<\/span><\/p>\n<p>&nbsp;<\/p>\n<p><span style=\"font-weight: 400;\">Gostaria de conversar conosco e ter a sua vis\u00e3o de mercado, das boas pr\u00e1ticas e tend\u00eancias do setor publicadas em nosso blog? Mande um email com o assunto \u201cInfraspeak Entrevista\u201d para <\/span><a href=\"mailto:news@infraspeak.com\"><span style=\"font-weight: 400;\">news@infraspeak.com<\/span><\/a><span style=\"font-weight: 400;\"> e fazemos contato com voc\u00ea.<\/span><\/p>\n<p>&nbsp;<\/p>\n<p><i><span style=\"font-weight: 400;\">** Este texto n\u00e3o reflete, necessariamente, a opini\u00e3o da Infraspeak<\/span><\/i><\/p>\n","protected":false},"excerpt":{"rendered":"<p>Conversamos com Tales Nascimento, coordenador de opera\u00e7\u00f5es na brMalls &#8211;\u00a0 holding de Shopping Centers do Brasil e da Am\u00e9rica Latina, com 29 empreendimentos nas cinco regi\u00f5es do Brasil. Tales fala sobre os problemas mais comuns no mercado hoje, refer\u00eancias e padr\u00f5es e o que podemos esperar do futuro.\u00a0 Acompanhe abaixo a entrevista na \u00edntegra. Infraspeak [&hellip;]<\/p>\n","protected":false},"author":54,"featured_media":2633,"comment_status":"open","ping_status":"open","sticky":false,"template":"","format":"standard","meta":{"content-type":"","footnotes":"","_wp_rev_ctl_limit":""},"categories":[370],"tags":[],"class_list":["post-2618","post","type-post","status-publish","format-standard","has-post-thumbnail","hentry","category-gestao-de-ativos"],"yoast_head":"<!-- This site is optimized with the Yoast SEO plugin v27.3 - https:\/\/yoast.com\/product\/yoast-seo-wordpress\/ -->\n<title>Infraspeak Entrevista - Tales Nascimento &#8226; Infraspeak Blog<\/title>\n<meta name=\"description\" content=\"Tales Nascimento, coordenador de opera\u00e7\u00f5es na brMalls, fala sobre os problemas mais comuns no mercado hoje, refer\u00eancias e padr\u00f5es de mercado e tend\u00eancias.\" \/>\n<meta name=\"robots\" content=\"index, follow, max-snippet:-1, max-image-preview:large, max-video-preview:-1\" \/>\n<link rel=\"canonical\" href=\"https:\/\/blog.infraspeak.com\/pt-br\/tales-nascimento-coordenador-de-operacoes\/\" \/>\n<meta property=\"og:locale\" content=\"pt_BR\" \/>\n<meta property=\"og:type\" content=\"article\" \/>\n<meta property=\"og:title\" content=\"Infraspeak Entrevista - Tales Nascimento &#8226; Infraspeak Blog\" \/>\n<meta property=\"og:description\" content=\"Tales Nascimento, coordenador de opera\u00e7\u00f5es na brMalls, fala sobre os problemas mais comuns no mercado hoje, refer\u00eancias e padr\u00f5es de mercado e tend\u00eancias.\" \/>\n<meta property=\"og:url\" content=\"https:\/\/blog.infraspeak.com\/pt-br\/tales-nascimento-coordenador-de-operacoes\/\" \/>\n<meta property=\"og:site_name\" content=\"Infraspeak Blog\" \/>\n<meta property=\"article:publisher\" content=\"https:\/\/www.facebook.com\/infraspeakmaintenance\" \/>\n<meta property=\"article:published_time\" content=\"2019-08-02T08:23:28+00:00\" \/>\n<meta property=\"article:modified_time\" content=\"2023-02-07T17:22:32+00:00\" \/>\n<meta property=\"og:image\" content=\"https:\/\/blog.infraspeak.com\/wp-content\/uploads\/2019\/09\/Foto-Tales-Nascimento.jpg\" \/>\n\t<meta property=\"og:image:width\" content=\"412\" \/>\n\t<meta property=\"og:image:height\" content=\"440\" \/>\n\t<meta property=\"og:image:type\" content=\"image\/jpeg\" \/>\n<meta name=\"author\" content=\"Infraspeak Team\" \/>\n<meta name=\"twitter:card\" content=\"summary_large_image\" \/>\n<meta name=\"twitter:creator\" content=\"@infraspeak\" \/>\n<meta name=\"twitter:site\" content=\"@infraspeak\" \/>\n<meta name=\"twitter:label1\" content=\"Escrito por\" \/>\n\t<meta name=\"twitter:data1\" content=\"Infraspeak Team\" \/>\n\t<meta name=\"twitter:label2\" content=\"Est. tempo de leitura\" \/>\n\t<meta name=\"twitter:data2\" content=\"6 minutos\" \/>\n<script type=\"application\/ld+json\" class=\"yoast-schema-graph\">{\"@context\":\"https:\\\/\\\/schema.org\",\"@graph\":[{\"@type\":\"Article\",\"@id\":\"https:\\\/\\\/blog.infraspeak.com\\\/pt-br\\\/tales-nascimento-coordenador-de-operacoes\\\/#article\",\"isPartOf\":{\"@id\":\"https:\\\/\\\/blog.infraspeak.com\\\/pt-br\\\/tales-nascimento-coordenador-de-operacoes\\\/\"},\"author\":{\"name\":\"Infraspeak Team\",\"@id\":\"https:\\\/\\\/blog.infraspeak.com\\\/pt-pt\\\/#\\\/schema\\\/person\\\/b53887f01881a658b4cc1bf25f2d4377\"},\"headline\":\"Infraspeak Entrevista &#8211; Tales Nascimento, Coordenador de Opera\u00e7\u00f5es na brMalls\",\"datePublished\":\"2019-08-02T08:23:28+00:00\",\"dateModified\":\"2023-02-07T17:22:32+00:00\",\"mainEntityOfPage\":{\"@id\":\"https:\\\/\\\/blog.infraspeak.com\\\/pt-br\\\/tales-nascimento-coordenador-de-operacoes\\\/\"},\"wordCount\":1196,\"commentCount\":0,\"publisher\":{\"@id\":\"https:\\\/\\\/blog.infraspeak.com\\\/pt-pt\\\/#organization\"},\"image\":{\"@id\":\"https:\\\/\\\/blog.infraspeak.com\\\/pt-br\\\/tales-nascimento-coordenador-de-operacoes\\\/#primaryimage\"},\"thumbnailUrl\":\"https:\\\/\\\/blog.infraspeak.com\\\/wp-content\\\/uploads\\\/2019\\\/09\\\/Foto-Tales-Nascimento.jpg\",\"articleSection\":[\"Gest\u00e3o de Ativos\"],\"inLanguage\":\"pt-BR\"},{\"@type\":\"WebPage\",\"@id\":\"https:\\\/\\\/blog.infraspeak.com\\\/pt-br\\\/tales-nascimento-coordenador-de-operacoes\\\/\",\"url\":\"https:\\\/\\\/blog.infraspeak.com\\\/pt-br\\\/tales-nascimento-coordenador-de-operacoes\\\/\",\"name\":\"Infraspeak Entrevista - Tales Nascimento &#8226; Infraspeak Blog\",\"isPartOf\":{\"@id\":\"https:\\\/\\\/blog.infraspeak.com\\\/pt-pt\\\/#website\"},\"primaryImageOfPage\":{\"@id\":\"https:\\\/\\\/blog.infraspeak.com\\\/pt-br\\\/tales-nascimento-coordenador-de-operacoes\\\/#primaryimage\"},\"image\":{\"@id\":\"https:\\\/\\\/blog.infraspeak.com\\\/pt-br\\\/tales-nascimento-coordenador-de-operacoes\\\/#primaryimage\"},\"thumbnailUrl\":\"https:\\\/\\\/blog.infraspeak.com\\\/wp-content\\\/uploads\\\/2019\\\/09\\\/Foto-Tales-Nascimento.jpg\",\"datePublished\":\"2019-08-02T08:23:28+00:00\",\"dateModified\":\"2023-02-07T17:22:32+00:00\",\"description\":\"Tales Nascimento, coordenador de opera\u00e7\u00f5es na brMalls, fala sobre os problemas mais comuns no mercado hoje, refer\u00eancias e padr\u00f5es de mercado e tend\u00eancias.\",\"breadcrumb\":{\"@id\":\"https:\\\/\\\/blog.infraspeak.com\\\/pt-br\\\/tales-nascimento-coordenador-de-operacoes\\\/#breadcrumb\"},\"inLanguage\":\"pt-BR\",\"potentialAction\":[{\"@type\":\"ReadAction\",\"target\":[\"https:\\\/\\\/blog.infraspeak.com\\\/pt-br\\\/tales-nascimento-coordenador-de-operacoes\\\/\"]}]},{\"@type\":\"ImageObject\",\"inLanguage\":\"pt-BR\",\"@id\":\"https:\\\/\\\/blog.infraspeak.com\\\/pt-br\\\/tales-nascimento-coordenador-de-operacoes\\\/#primaryimage\",\"url\":\"https:\\\/\\\/blog.infraspeak.com\\\/wp-content\\\/uploads\\\/2019\\\/09\\\/Foto-Tales-Nascimento.jpg\",\"contentUrl\":\"https:\\\/\\\/blog.infraspeak.com\\\/wp-content\\\/uploads\\\/2019\\\/09\\\/Foto-Tales-Nascimento.jpg\",\"width\":412,\"height\":440,\"caption\":\"Tales \u00e9 coordenador de opera\u00e7\u00f5es da brMalls\"},{\"@type\":\"BreadcrumbList\",\"@id\":\"https:\\\/\\\/blog.infraspeak.com\\\/pt-br\\\/tales-nascimento-coordenador-de-operacoes\\\/#breadcrumb\",\"itemListElement\":[{\"@type\":\"ListItem\",\"position\":1,\"name\":\"Home\",\"item\":\"https:\\\/\\\/blog.infraspeak.com\\\/\"},{\"@type\":\"ListItem\",\"position\":2,\"name\":\"Infraspeak Entrevista &#8211; Tales Nascimento, Coordenador de Opera\u00e7\u00f5es na brMalls\"}]},{\"@type\":\"WebSite\",\"@id\":\"https:\\\/\\\/blog.infraspeak.com\\\/pt-pt\\\/#website\",\"url\":\"https:\\\/\\\/blog.infraspeak.com\\\/pt-pt\\\/\",\"name\":\"Infraspeak Blog\",\"description\":\"All About Maintenance and Facilities Management\",\"publisher\":{\"@id\":\"https:\\\/\\\/blog.infraspeak.com\\\/pt-pt\\\/#organization\"},\"potentialAction\":[{\"@type\":\"SearchAction\",\"target\":{\"@type\":\"EntryPoint\",\"urlTemplate\":\"https:\\\/\\\/blog.infraspeak.com\\\/pt-pt\\\/?s={search_term_string}\"},\"query-input\":{\"@type\":\"PropertyValueSpecification\",\"valueRequired\":true,\"valueName\":\"search_term_string\"}}],\"inLanguage\":\"pt-BR\"},{\"@type\":\"Organization\",\"@id\":\"https:\\\/\\\/blog.infraspeak.com\\\/pt-pt\\\/#organization\",\"name\":\"Infraspeak\",\"url\":\"https:\\\/\\\/blog.infraspeak.com\\\/pt-pt\\\/\",\"logo\":{\"@type\":\"ImageObject\",\"inLanguage\":\"pt-BR\",\"@id\":\"https:\\\/\\\/blog.infraspeak.com\\\/pt-pt\\\/#\\\/schema\\\/logo\\\/image\\\/\",\"url\":\"https:\\\/\\\/blog.infraspeak.com\\\/wp-content\\\/uploads\\\/2018\\\/11\\\/is-logo@2x.png\",\"contentUrl\":\"https:\\\/\\\/blog.infraspeak.com\\\/wp-content\\\/uploads\\\/2018\\\/11\\\/is-logo@2x.png\",\"width\":544,\"height\":180,\"caption\":\"Infraspeak\"},\"image\":{\"@id\":\"https:\\\/\\\/blog.infraspeak.com\\\/pt-pt\\\/#\\\/schema\\\/logo\\\/image\\\/\"},\"sameAs\":[\"https:\\\/\\\/www.facebook.com\\\/infraspeakmaintenance\",\"https:\\\/\\\/x.com\\\/infraspeak\",\"https:\\\/\\\/www.instagram.com\\\/infraspeak\\\/\",\"http:\\\/\\\/www.linkedin.com\\\/company\\\/infraspeak\",\"https:\\\/\\\/www.youtube.com\\\/channel\\\/UCOdjKyhSD9RJbRhuP-S8Avw\"]},{\"@type\":\"Person\",\"@id\":\"https:\\\/\\\/blog.infraspeak.com\\\/pt-pt\\\/#\\\/schema\\\/person\\\/b53887f01881a658b4cc1bf25f2d4377\",\"name\":\"Infraspeak Team\",\"image\":{\"@type\":\"ImageObject\",\"inLanguage\":\"pt-BR\",\"@id\":\"https:\\\/\\\/blog.infraspeak.com\\\/wp-content\\\/uploads\\\/2023\\\/02\\\/296167549_2627985274000609_8314221938057526692_n-120x120.jpg\",\"url\":\"https:\\\/\\\/blog.infraspeak.com\\\/wp-content\\\/uploads\\\/2023\\\/02\\\/296167549_2627985274000609_8314221938057526692_n-120x120.jpg\",\"contentUrl\":\"https:\\\/\\\/blog.infraspeak.com\\\/wp-content\\\/uploads\\\/2023\\\/02\\\/296167549_2627985274000609_8314221938057526692_n-120x120.jpg\",\"caption\":\"Infraspeak Team\"},\"url\":\"https:\\\/\\\/blog.infraspeak.com\\\/pt-br\\\/author\\\/infraspeakteam\\\/\"}]}<\/script>\n<!-- \/ Yoast SEO plugin. -->","yoast_head_json":{"title":"Infraspeak Entrevista - Tales Nascimento &#8226; Infraspeak Blog","description":"Tales Nascimento, coordenador de opera\u00e7\u00f5es na brMalls, fala sobre os problemas mais comuns no mercado hoje, refer\u00eancias e padr\u00f5es de mercado e tend\u00eancias.","robots":{"index":"index","follow":"follow","max-snippet":"max-snippet:-1","max-image-preview":"max-image-preview:large","max-video-preview":"max-video-preview:-1"},"canonical":"https:\/\/blog.infraspeak.com\/pt-br\/tales-nascimento-coordenador-de-operacoes\/","og_locale":"pt_BR","og_type":"article","og_title":"Infraspeak Entrevista - Tales Nascimento &#8226; Infraspeak Blog","og_description":"Tales Nascimento, coordenador de opera\u00e7\u00f5es na brMalls, fala sobre os problemas mais comuns no mercado hoje, refer\u00eancias e padr\u00f5es de mercado e tend\u00eancias.","og_url":"https:\/\/blog.infraspeak.com\/pt-br\/tales-nascimento-coordenador-de-operacoes\/","og_site_name":"Infraspeak Blog","article_publisher":"https:\/\/www.facebook.com\/infraspeakmaintenance","article_published_time":"2019-08-02T08:23:28+00:00","article_modified_time":"2023-02-07T17:22:32+00:00","og_image":[{"width":412,"height":440,"url":"https:\/\/blog.infraspeak.com\/wp-content\/uploads\/2019\/09\/Foto-Tales-Nascimento.jpg","type":"image\/jpeg"}],"author":"Infraspeak Team","twitter_card":"summary_large_image","twitter_creator":"@infraspeak","twitter_site":"@infraspeak","twitter_misc":{"Escrito por":"Infraspeak Team","Est. tempo de leitura":"6 minutos"},"schema":{"@context":"https:\/\/schema.org","@graph":[{"@type":"Article","@id":"https:\/\/blog.infraspeak.com\/pt-br\/tales-nascimento-coordenador-de-operacoes\/#article","isPartOf":{"@id":"https:\/\/blog.infraspeak.com\/pt-br\/tales-nascimento-coordenador-de-operacoes\/"},"author":{"name":"Infraspeak Team","@id":"https:\/\/blog.infraspeak.com\/pt-pt\/#\/schema\/person\/b53887f01881a658b4cc1bf25f2d4377"},"headline":"Infraspeak Entrevista &#8211; Tales Nascimento, Coordenador de Opera\u00e7\u00f5es na brMalls","datePublished":"2019-08-02T08:23:28+00:00","dateModified":"2023-02-07T17:22:32+00:00","mainEntityOfPage":{"@id":"https:\/\/blog.infraspeak.com\/pt-br\/tales-nascimento-coordenador-de-operacoes\/"},"wordCount":1196,"commentCount":0,"publisher":{"@id":"https:\/\/blog.infraspeak.com\/pt-pt\/#organization"},"image":{"@id":"https:\/\/blog.infraspeak.com\/pt-br\/tales-nascimento-coordenador-de-operacoes\/#primaryimage"},"thumbnailUrl":"https:\/\/blog.infraspeak.com\/wp-content\/uploads\/2019\/09\/Foto-Tales-Nascimento.jpg","articleSection":["Gest\u00e3o de Ativos"],"inLanguage":"pt-BR"},{"@type":"WebPage","@id":"https:\/\/blog.infraspeak.com\/pt-br\/tales-nascimento-coordenador-de-operacoes\/","url":"https:\/\/blog.infraspeak.com\/pt-br\/tales-nascimento-coordenador-de-operacoes\/","name":"Infraspeak Entrevista - Tales Nascimento &#8226; Infraspeak Blog","isPartOf":{"@id":"https:\/\/blog.infraspeak.com\/pt-pt\/#website"},"primaryImageOfPage":{"@id":"https:\/\/blog.infraspeak.com\/pt-br\/tales-nascimento-coordenador-de-operacoes\/#primaryimage"},"image":{"@id":"https:\/\/blog.infraspeak.com\/pt-br\/tales-nascimento-coordenador-de-operacoes\/#primaryimage"},"thumbnailUrl":"https:\/\/blog.infraspeak.com\/wp-content\/uploads\/2019\/09\/Foto-Tales-Nascimento.jpg","datePublished":"2019-08-02T08:23:28+00:00","dateModified":"2023-02-07T17:22:32+00:00","description":"Tales Nascimento, coordenador de opera\u00e7\u00f5es na brMalls, fala sobre os problemas mais comuns no mercado hoje, refer\u00eancias e padr\u00f5es de mercado e tend\u00eancias.","breadcrumb":{"@id":"https:\/\/blog.infraspeak.com\/pt-br\/tales-nascimento-coordenador-de-operacoes\/#breadcrumb"},"inLanguage":"pt-BR","potentialAction":[{"@type":"ReadAction","target":["https:\/\/blog.infraspeak.com\/pt-br\/tales-nascimento-coordenador-de-operacoes\/"]}]},{"@type":"ImageObject","inLanguage":"pt-BR","@id":"https:\/\/blog.infraspeak.com\/pt-br\/tales-nascimento-coordenador-de-operacoes\/#primaryimage","url":"https:\/\/blog.infraspeak.com\/wp-content\/uploads\/2019\/09\/Foto-Tales-Nascimento.jpg","contentUrl":"https:\/\/blog.infraspeak.com\/wp-content\/uploads\/2019\/09\/Foto-Tales-Nascimento.jpg","width":412,"height":440,"caption":"Tales \u00e9 coordenador de opera\u00e7\u00f5es da brMalls"},{"@type":"BreadcrumbList","@id":"https:\/\/blog.infraspeak.com\/pt-br\/tales-nascimento-coordenador-de-operacoes\/#breadcrumb","itemListElement":[{"@type":"ListItem","position":1,"name":"Home","item":"https:\/\/blog.infraspeak.com\/"},{"@type":"ListItem","position":2,"name":"Infraspeak Entrevista &#8211; Tales Nascimento, Coordenador de Opera\u00e7\u00f5es na brMalls"}]},{"@type":"WebSite","@id":"https:\/\/blog.infraspeak.com\/pt-pt\/#website","url":"https:\/\/blog.infraspeak.com\/pt-pt\/","name":"Infraspeak Blog","description":"All About Maintenance and Facilities Management","publisher":{"@id":"https:\/\/blog.infraspeak.com\/pt-pt\/#organization"},"potentialAction":[{"@type":"SearchAction","target":{"@type":"EntryPoint","urlTemplate":"https:\/\/blog.infraspeak.com\/pt-pt\/?s={search_term_string}"},"query-input":{"@type":"PropertyValueSpecification","valueRequired":true,"valueName":"search_term_string"}}],"inLanguage":"pt-BR"},{"@type":"Organization","@id":"https:\/\/blog.infraspeak.com\/pt-pt\/#organization","name":"Infraspeak","url":"https:\/\/blog.infraspeak.com\/pt-pt\/","logo":{"@type":"ImageObject","inLanguage":"pt-BR","@id":"https:\/\/blog.infraspeak.com\/pt-pt\/#\/schema\/logo\/image\/","url":"https:\/\/blog.infraspeak.com\/wp-content\/uploads\/2018\/11\/is-logo@2x.png","contentUrl":"https:\/\/blog.infraspeak.com\/wp-content\/uploads\/2018\/11\/is-logo@2x.png","width":544,"height":180,"caption":"Infraspeak"},"image":{"@id":"https:\/\/blog.infraspeak.com\/pt-pt\/#\/schema\/logo\/image\/"},"sameAs":["https:\/\/www.facebook.com\/infraspeakmaintenance","https:\/\/x.com\/infraspeak","https:\/\/www.instagram.com\/infraspeak\/","http:\/\/www.linkedin.com\/company\/infraspeak","https:\/\/www.youtube.com\/channel\/UCOdjKyhSD9RJbRhuP-S8Avw"]},{"@type":"Person","@id":"https:\/\/blog.infraspeak.com\/pt-pt\/#\/schema\/person\/b53887f01881a658b4cc1bf25f2d4377","name":"Infraspeak Team","image":{"@type":"ImageObject","inLanguage":"pt-BR","@id":"https:\/\/blog.infraspeak.com\/wp-content\/uploads\/2023\/02\/296167549_2627985274000609_8314221938057526692_n-120x120.jpg","url":"https:\/\/blog.infraspeak.com\/wp-content\/uploads\/2023\/02\/296167549_2627985274000609_8314221938057526692_n-120x120.jpg","contentUrl":"https:\/\/blog.infraspeak.com\/wp-content\/uploads\/2023\/02\/296167549_2627985274000609_8314221938057526692_n-120x120.jpg","caption":"Infraspeak Team"},"url":"https:\/\/blog.infraspeak.com\/pt-br\/author\/infraspeakteam\/"}]}},"_links":{"self":[{"href":"https:\/\/blog.infraspeak.com\/pt-br\/wp-json\/wp\/v2\/posts\/2618","targetHints":{"allow":["GET"]}}],"collection":[{"href":"https:\/\/blog.infraspeak.com\/pt-br\/wp-json\/wp\/v2\/posts"}],"about":[{"href":"https:\/\/blog.infraspeak.com\/pt-br\/wp-json\/wp\/v2\/types\/post"}],"author":[{"embeddable":true,"href":"https:\/\/blog.infraspeak.com\/pt-br\/wp-json\/wp\/v2\/users\/54"}],"replies":[{"embeddable":true,"href":"https:\/\/blog.infraspeak.com\/pt-br\/wp-json\/wp\/v2\/comments?post=2618"}],"version-history":[{"count":22,"href":"https:\/\/blog.infraspeak.com\/pt-br\/wp-json\/wp\/v2\/posts\/2618\/revisions"}],"predecessor-version":[{"id":2714,"href":"https:\/\/blog.infraspeak.com\/pt-br\/wp-json\/wp\/v2\/posts\/2618\/revisions\/2714"}],"wp:featuredmedia":[{"embeddable":true,"href":"https:\/\/blog.infraspeak.com\/pt-br\/wp-json\/wp\/v2\/media\/2633"}],"wp:attachment":[{"href":"https:\/\/blog.infraspeak.com\/pt-br\/wp-json\/wp\/v2\/media?parent=2618"}],"wp:term":[{"taxonomy":"category","embeddable":true,"href":"https:\/\/blog.infraspeak.com\/pt-br\/wp-json\/wp\/v2\/categories?post=2618"},{"taxonomy":"post_tag","embeddable":true,"href":"https:\/\/blog.infraspeak.com\/pt-br\/wp-json\/wp\/v2\/tags?post=2618"}],"curies":[{"name":"wp","href":"https:\/\/api.w.org\/{rel}","templated":true}]}}