{"id":24562,"date":"2023-06-28T11:38:59","date_gmt":"2023-06-28T11:38:59","guid":{"rendered":"https:\/\/blog.infraspeak.com\/?p=24562"},"modified":"2023-06-28T11:40:51","modified_gmt":"2023-06-28T11:40:51","slug":"infraspeak-airthings","status":"publish","type":"post","link":"https:\/\/blog.infraspeak.com\/pt-br\/infraspeak-airthings\/","title":{"rendered":"Infraspeak e Airthings: combinando for\u00e7as para que voc\u00ea possa respirar melhor"},"content":{"rendered":"<div id=\"bsf_rt_marker\"><\/div>\n<p><strong>Voc\u00ea \u00e9 o que voc\u00ea come.<\/strong> Nosso conhecimento sobre como a alimenta\u00e7\u00e3o afeta nosso corpo e nossa mente evoluiu muito nas \u00faltimas d\u00e9cadas, a ponto de ser totalmente estranho voltar a uma \u00e9poca em que n\u00e3o control\u00e1vamos a ingest\u00e3o de a\u00e7\u00facar e gordura saturada.<\/p>\n\n\n\n<p>Estamos todos alinhados aqui, certo? Alimenta\u00e7\u00e3o equilibrada = importante. Agora vamos a mais uma&#8230;<\/p>\n\n\n\n<p><strong>Voc\u00ea \u00e9 o que voc\u00ea respira. <\/strong>Foi necess\u00e1ria uma pandemia global para dar \u00e0 qualidade do ar algum &#8220;tempo de tela&#8221; e, ainda assim, ela desapareceu rapidamente da lista de desejos das pessoas no momento em que foi considerada &#8220;segura&#8221; para que a sociedade voltasse ao normal. Aqui est\u00e3o algumas estat\u00edsticas importantes para que voc\u00ea fique ofegante e corra atr\u00e1s de uma solu\u00e7\u00e3o para melhorar a qualidade do ar de suas instala\u00e7\u00f5es (mais sobre essa solu\u00e7\u00e3o em um minuto!).<\/p>\n\n\n\n<ol class=\"wp-block-list\">\n<li>Passamos 90% do nosso tempo em ambientes fechados, onde a qualidade do ar \u00e9 de 2 a 5 vezes pior do que a do ar externo.<\/li>\n\n\n\n<li>Um ambiente de trabalho mais saud\u00e1vel pode reduzir as licen\u00e7as m\u00e9dicas em 58%.<\/li>\n\n\n\n<li>Quando as concentra\u00e7\u00f5es de CO2 excedem 1000 ppm, o desempenho das pessoas na tomada de decis\u00f5es piora em pelo menos 50%.<\/li>\n\n\n\n<li>Estima-se que 9 em cada 10 pessoas no mundo todo respiram ar polu\u00eddo.<\/li>\n<\/ol>\n\n\n\n<p>Isso n\u00e3o \u00e9 brincadeira \u2013 a qualidade do ar n\u00e3o \u00e9 algo &#8220;bom de se ter&#8221;. Ela \u00e9 fundamental. Como empregadores e gerentes de instala\u00e7\u00f5es, somos todos respons\u00e1veis por garantir que nossos clientes, equipes e usu\u00e1rios de edif\u00edcios tenham acesso a ar limpo para sua sa\u00fade, bem-estar, desempenho e felicidade.<\/p>\n\n\n\n<p>Agora que sabemos o quanto isso \u00e9 s\u00e9rio, \u00e9 hora de fazer um an\u00fancio importante e fornecer a solu\u00e7\u00e3o de que voc\u00ea precisa: A <a href=\"https:\/\/blog.infraspeak.com\/pt-br\/immp\/\">IMMP<\/a> da Infraspeak integrada ao <strong>nosso novo parceiro oficial Airthings<\/strong> \u2013 <a href=\"https:\/\/www.airthings.com\/business\" target=\"_blank\" rel=\"noreferrer noopener\">a empresa l\u00edder em monitoramento da qualidade do ar<\/a>.<\/p>\n\n\n\n<h2 class=\"wp-block-heading\"><strong>Novo parceiro oficial? Sim. Aqui est\u00e1 tudo o que voc\u00ea precisa saber<\/strong><\/h2>\n\n\n\n<p>Tem sido dif\u00edcil manter isso em segredo, mas ap\u00f3s nosso an\u00fancio p\u00fablico no <a href=\"https:\/\/intelligenceformaintenance.com\/\" target=\"_blank\" rel=\"noreferrer noopener\">IFM<\/a> Meetup Paris, agora \u00e9 oficial \u2013 somos parceiros. Ap\u00f3s uma longa e frut\u00edfera parceria de integra\u00e7\u00e3o com a empresa norueguesa <strong>Airthings<\/strong>, eles est\u00e3o se juntando a n\u00f3s em nossa miss\u00e3o de <strong>gerenciamento integrado e inteligente de instala\u00e7\u00f5es<\/strong> e n\u00f3s estamos nos juntando \u00e0 miss\u00e3o deles: garantir que todos os gerentes de instala\u00e7\u00f5es possam fornecer <strong>ar seguro, limpo e saud\u00e1vel<\/strong> para todos.&nbsp;<\/p>\n\n\n<div class=\"highlight\">&#8220;A Airthings fornece dados em tempo real e flexibilidade para enfrentar alguns dos maiores desafios de instala\u00e7\u00f5es e edif\u00edcios enfrentados pelos gerentes com rela\u00e7\u00e3o a ambientes internos e efici\u00eancia energ\u00e9tica. Estamos muito satisfeitos com a parceria com a Infraspeak, outra empresa inovadora no setor, para alcan\u00e7ar nossa vis\u00e3o de instala\u00e7\u00f5es mais seguras e inteligentes. Este \u00e9 um novo e empolgante cap\u00edtulo para nossas empresas que nos ajudar\u00e1 a agregar valor, juntos.<p><\/p>\n<p>\u2014 R\u00e9my Journet, Business Development Manager na Airthings<\/p>\n<\/div>\n\n\n<p>\u00c9 uma combina\u00e7\u00e3o feita no c\u00e9u, e mal podemos esperar para come\u00e7ar a agregar valor juntos. Antes de mergulharmos em um teste real que fizemos em nossa pr\u00f3pria sede no Porto (!), vamos apresentar nosso novo parceiro.<\/p>\n\n\n\n<p>A Airthings \u00e9 l\u00edder global em monitoramento da qualidade do ar interno e solu\u00e7\u00f5es de economia de energia. Eles dividem sua oferta em tr\u00eas casos de uso principais:<\/p>\n\n\n\n<ol class=\"wp-block-list\">\n<li><strong>Para resid\u00eancias \u2014 <\/strong>a Airthings j\u00e1 ajudou mais de 100.000 resid\u00eancias com um conjunto de sensores e hardware inteligentes e de precis\u00e3o, como este <a href=\"https:\/\/www.airthings.com\/view-plus\" target=\"_blank\" rel=\"noreferrer noopener\">aqui<\/a>.&nbsp;<\/li>\n\n\n\n<li><strong>Para empresas \u2014 <\/strong>foco da parceria entre a <strong>Airthing e a Infraspeak<\/strong>, sua solu\u00e7\u00e3o para empresas prioriza a an\u00e1lise de dados e usa pain\u00e9is intuitivos para criar solu\u00e7\u00f5es mais personalizadas que se adaptam a v\u00e1rios segmentos importantes, como FM, fornecedores, educa\u00e7\u00e3o e escrit\u00f3rios.<\/li>\n\n\n\n<li><strong>Para profissionais \u2014 <\/strong>Um conjunto separado de hardware para profissionais e t\u00e9cnicos de rad\u00f4nio que desejam fazer medi\u00e7\u00f5es da qualidade do ar de forma independente.<\/li>\n<\/ol>\n\n\n\n<p>Suas implanta\u00e7\u00f5es comerciais dependem de pequenos sensores espalhados pelo local, que fazem medi\u00e7\u00f5es em tempo real dos principais indicadores de qualidade do ar, como CO2, rad\u00f4nio, concentra\u00e7\u00e3o de part\u00edculas e muito mais. Depois, usando o <a href=\"https:\/\/www.airthings.com\/business\/space-hub\" target=\"_blank\" rel=\"noreferrer noopener\">Space Hub<\/a>, um sensor agregador inteligente que re\u00fane dados de at\u00e9 30 sensores pr\u00f3ximos, a Airthings permite que voc\u00ea crie imagens ricas sobre a qualidade do ar.<\/p>\n\n\n\n<p>Para obter mais informa\u00e7\u00f5es sobre o que eles medem, eles t\u00eam uma <a href=\"https:\/\/www.airthings.com\/business\/resources?cat=what-we-measure\" target=\"_blank\" rel=\"noreferrer noopener\"><strong>s\u00e9rie de artigos<\/strong><\/a> sobre cada um de seus tipos de medi\u00e7\u00e3o, que \u00e9 leitura essencial.<\/p>\n\n\n<div class=\"highlight\">&#8220;A integra\u00e7\u00e3o Infraspeak-Airthings permite que os gerentes de instala\u00e7\u00f5es e de manuten\u00e7\u00e3o monitorem e respondam a desvios na qualidade do ar, tornando realidade o gerenciamento preditivo dos espa\u00e7os. O impacto direto que vimos em nossos clientes \u00e9 uma melhor aloca\u00e7\u00e3o de recursos e um melhor bem-estar do usu\u00e1rio.&#8221;<p><\/p>\n<p>\u2014 Carlos Queir\u00f3s, Head of Platform Partnerships na Infraspeak<\/p>\n<\/div>\n\n\n<h2 class=\"wp-block-heading\"><strong>Uau, e em que a integra\u00e7\u00e3o Infraspeak-Airthings pode me ajudar?<\/strong><\/h2>\n\n\n\n<p>Como voc\u00ea j\u00e1 deve ter percebido, a Airthings \u00e9 uma empresa din\u00e2mica e inovadora que tem a inten\u00e7\u00e3o de impulsionar o setor 5.0 com uma combina\u00e7\u00e3o poderosa de intelig\u00eancia, dispositivos de IoT e flexibilidade. \u00c9 o tipo de empresa que celebramos, e a <a href=\"https:\/\/infraspeak.com\/pt-br\/integrations\" target=\"_blank\" rel=\"noreferrer noopener\">integra\u00e7\u00e3o<\/a> com o sistema deles foi uma decis\u00e3o \u00f3bvia.<\/p>\n\n\n\n<p>Aqui est\u00e1 um resumo de algumas das coisas que voc\u00ea poder\u00e1 realizar com nossos dois sistemas:<\/p>\n\n\n\n<ol class=\"wp-block-list\">\n<li>Controle em tempo real de temperatura, umidade, CO2 e compostos org\u00e2nicos vol\u00e1teis (VOCs)<\/li>\n\n\n\n<li>Conformidade com as normas de sa\u00fade e seguran\u00e7a<\/li>\n\n\n\n<li>Manuten\u00e7\u00e3o preventiva de <a href=\"https:\/\/infraspeak.com\/pt-br\/solutions\/hvac\" target=\"_blank\" rel=\"noreferrer noopener\">AVAC<\/a> baseada em dados<\/li>\n\n\n\n<li>Oportunidades de otimiza\u00e7\u00e3o de energia por meio da correla\u00e7\u00e3o dos dados de qualidade do ar com os padr\u00f5es de consumo de energia.<\/li>\n\n\n\n<li>Relat\u00f3rios e an\u00e1lises abrangentes<\/li>\n\n\n\n<li>Aumento da satisfa\u00e7\u00e3o e do bem-estar dos ocupantes<\/li>\n\n\n\n<li>Monitoramento e controle remotos por meio de aplicativos m\u00f3veis<\/li>\n\n\n\n<li>Processos de gerenciamento de instala\u00e7\u00f5es preparados para o futuro!<\/li>\n<\/ol>\n\n\n\n<p>Tudo isso parece \u00f3timo, mas vamos dar uma olhada em uma implementa\u00e7\u00e3o bem-sucedida na pr\u00e1tica?<\/p>\n\n\n\n<h3 class=\"wp-block-heading\"><strong>Veja o que aconteceu quando a Infraspeak experimentou a Airthings<\/strong><\/h3>\n\n\n\n<p>Instalamos os sensores IoT da Airthings em nossa sede no Porto e os conectamos ao nosso IMMP. Os sensores foram configurados de modo que, quando uma anomalia ou pico \u00e9 detectado, a Airthings se comunica com a plataforma da Infraspeak e <strong>cria automaticamente um chamado<\/strong>, reduzindo nosso tempo de resposta.<\/p>\n\n\n\n<p>Com essa abordagem baseada em dados para gerenciar nossos sistemas de AVAC, n\u00e3o s\u00f3 conseguimos reduzir drasticamente nosso tempo de resposta para consertar falhas nos equipamentos de AVAC, como tamb\u00e9m reduzimos a concentra\u00e7\u00e3o de CO2 em nossa sede em 35%.<\/p>\n\n\n\n<p>Os dados coletados pelos sensores Airthings s\u00e3o registrados e armazenados para an\u00e1lise pela equipe da Infraspeak. Isso nos <a href=\"https:\/\/blog.infraspeak.com\/pt-br\/data-analytics-in-facility-management\/\">ajuda a rastrear o hist\u00f3rico e o desempenho dos ativos<\/a> do nosso escrit\u00f3rio de forma mais eficaz, levando a uma melhor manuten\u00e7\u00e3o preditiva com base em dados concretos e ao planejamento antecipado de situa\u00e7\u00f5es complexas, como picos de uso do escrit\u00f3rio quando temos uma grande reuni\u00e3o da equipe, ou para que sejam feitos ajustes em tempo real se for um dia particularmente movimentado.<\/p>\n\n\n\n<p>Para obter mais informa\u00e7\u00f5es sobre nossa implanta\u00e7\u00e3o experimental na sede, confira este <a href=\"https:\/\/2767973.fs1.hubspotusercontent-na1.net\/hubfs\/2767973\/Files%20to%20Download\/EN\/Case%20Study\/Airthings_EN.pdf\"><strong>estudo de caso<\/strong><\/a> \u2013 voc\u00ea aprender\u00e1 algumas coisas sobre nossas filosofias e por que gostamos tanto da Airthings.<\/p>\n\n\n\n<h2 class=\"wp-block-heading\"><strong>Um novo e empolgante cap\u00edtulo para o gerenciamento seguro de instala\u00e7\u00f5es<\/strong><\/h2>\n\n\n\n<p>Nossa nova parceria com a Airthings acrescenta mais uma corda ao nosso arco. Nosso foco \u00e9 a <strong>produtividade, a intelig\u00eancia e a colabora\u00e7\u00e3o<\/strong>, e continuaremos a faz\u00ea-lo com o mesmo entusiasmo e cuidado que tivemos at\u00e9 agora. No entanto, a formaliza\u00e7\u00e3o de nosso relacionamento com a Airthings nos permite come\u00e7ar a priorizar novos aspectos, como <strong>sa\u00fade, seguran\u00e7a e bem-estar<\/strong>.<\/p>\n\n\n\n<p>Esses s\u00e3o os pilares centrais do manual de <a href=\"https:\/\/blog.infraspeak.com\/pt-br\/industria-5-0\/\">manuten\u00e7\u00e3o 5.0<\/a> e mal podemos esperar para come\u00e7ar a trabalhar com nossos novos parceiros noruegueses para otimizar as instala\u00e7\u00f5es de maneiras novas e inovadoras, que n\u00e3o apenas melhoram os KPIs, mas tamb\u00e9m tomam medidas tang\u00edveis e mensur\u00e1veis para potencialmente impedir a propaga\u00e7\u00e3o de doen\u00e7as e melhorar a felicidade!&nbsp;<\/p>\n\n\n\n<p>Tudo o que fazemos \u00e9 para ser uma<strong> fonte de vida boa<\/strong> para todos, e a Airthings vive e respira essa ideologia, assim como n\u00f3s.&nbsp;<\/p>\n","protected":false},"excerpt":{"rendered":"<p>A IMMP da Infraspeak integrada ao nosso novo parceiro oficial Airthings \u2013 a empresa l\u00edder em monitoramento da qualidade do ar.<\/p>\n","protected":false},"author":54,"featured_media":24543,"comment_status":"closed","ping_status":"closed","sticky":false,"template":"","format":"standard","meta":{"content-type":"","footnotes":"","_wp_rev_ctl_limit":""},"categories":[369,367],"tags":[],"class_list":["post-24562","post","type-post","status-publish","format-standard","has-post-thumbnail","hentry","category-plataforma","category-tecnologia"],"yoast_head":"<!-- This site is optimized with the Yoast SEO plugin v27.3 - https:\/\/yoast.com\/product\/yoast-seo-wordpress\/ -->\n<title>Infraspeak e Airthings: combinando for\u00e7as para que voc\u00ea possa respirar melhor &#8226; Infraspeak Blog<\/title>\n<meta name=\"description\" content=\"A IMMP da Infraspeak integrada ao nosso novo parceiro oficial Airthings \u2013 a empresa l\u00edder em monitoramento da qualidade do ar.\" \/>\n<meta name=\"robots\" content=\"index, follow, max-snippet:-1, max-image-preview:large, max-video-preview:-1\" \/>\n<link rel=\"canonical\" href=\"https:\/\/blog.infraspeak.com\/pt-br\/infraspeak-airthings\/\" \/>\n<meta property=\"og:locale\" content=\"pt_BR\" \/>\n<meta property=\"og:type\" content=\"article\" \/>\n<meta property=\"og:title\" content=\"Infraspeak e Airthings: combinando for\u00e7as para que voc\u00ea possa respirar melhor &#8226; Infraspeak Blog\" \/>\n<meta property=\"og:description\" content=\"A IMMP da Infraspeak integrada ao nosso novo parceiro oficial Airthings \u2013 a empresa l\u00edder em monitoramento da qualidade do ar.\" \/>\n<meta property=\"og:url\" content=\"https:\/\/blog.infraspeak.com\/pt-br\/infraspeak-airthings\/\" \/>\n<meta property=\"og:site_name\" content=\"Infraspeak Blog\" \/>\n<meta property=\"article:publisher\" content=\"https:\/\/www.facebook.com\/infraspeakmaintenance\" \/>\n<meta property=\"article:published_time\" content=\"2023-06-28T11:38:59+00:00\" \/>\n<meta property=\"article:modified_time\" content=\"2023-06-28T11:40:51+00:00\" \/>\n<meta property=\"og:image\" content=\"https:\/\/blog.infraspeak.com\/wp-content\/uploads\/2023\/06\/Blog_Infraspeak_Airthings-1.png\" \/>\n\t<meta property=\"og:image:width\" content=\"1770\" \/>\n\t<meta property=\"og:image:height\" content=\"640\" \/>\n\t<meta property=\"og:image:type\" content=\"image\/png\" \/>\n<meta name=\"author\" content=\"Infraspeak Team\" \/>\n<meta name=\"twitter:card\" content=\"summary_large_image\" \/>\n<meta name=\"twitter:creator\" content=\"@infraspeak\" \/>\n<meta name=\"twitter:site\" content=\"@infraspeak\" \/>\n<meta name=\"twitter:label1\" content=\"Escrito por\" \/>\n\t<meta name=\"twitter:data1\" content=\"Infraspeak Team\" \/>\n\t<meta name=\"twitter:label2\" content=\"Est. tempo de leitura\" \/>\n\t<meta name=\"twitter:data2\" content=\"6 minutos\" \/>\n<script type=\"application\/ld+json\" class=\"yoast-schema-graph\">{\"@context\":\"https:\\\/\\\/schema.org\",\"@graph\":[{\"@type\":\"Article\",\"@id\":\"https:\\\/\\\/blog.infraspeak.com\\\/pt-br\\\/infraspeak-airthings\\\/#article\",\"isPartOf\":{\"@id\":\"https:\\\/\\\/blog.infraspeak.com\\\/pt-br\\\/infraspeak-airthings\\\/\"},\"author\":{\"name\":\"Infraspeak Team\",\"@id\":\"https:\\\/\\\/blog.infraspeak.com\\\/pt-pt\\\/#\\\/schema\\\/person\\\/b53887f01881a658b4cc1bf25f2d4377\"},\"headline\":\"Infraspeak e Airthings: combinando for\u00e7as para que voc\u00ea possa respirar melhor\",\"datePublished\":\"2023-06-28T11:38:59+00:00\",\"dateModified\":\"2023-06-28T11:40:51+00:00\",\"mainEntityOfPage\":{\"@id\":\"https:\\\/\\\/blog.infraspeak.com\\\/pt-br\\\/infraspeak-airthings\\\/\"},\"wordCount\":1429,\"publisher\":{\"@id\":\"https:\\\/\\\/blog.infraspeak.com\\\/pt-pt\\\/#organization\"},\"image\":{\"@id\":\"https:\\\/\\\/blog.infraspeak.com\\\/pt-br\\\/infraspeak-airthings\\\/#primaryimage\"},\"thumbnailUrl\":\"https:\\\/\\\/blog.infraspeak.com\\\/wp-content\\\/uploads\\\/2023\\\/06\\\/Blog_Infraspeak_Airthings-1.png\",\"articleSection\":[\"Infraspeak\",\"Tecnologia\"],\"inLanguage\":\"pt-BR\"},{\"@type\":\"WebPage\",\"@id\":\"https:\\\/\\\/blog.infraspeak.com\\\/pt-br\\\/infraspeak-airthings\\\/\",\"url\":\"https:\\\/\\\/blog.infraspeak.com\\\/pt-br\\\/infraspeak-airthings\\\/\",\"name\":\"Infraspeak e Airthings: combinando for\u00e7as para que voc\u00ea possa respirar melhor &#8226; Infraspeak Blog\",\"isPartOf\":{\"@id\":\"https:\\\/\\\/blog.infraspeak.com\\\/pt-pt\\\/#website\"},\"primaryImageOfPage\":{\"@id\":\"https:\\\/\\\/blog.infraspeak.com\\\/pt-br\\\/infraspeak-airthings\\\/#primaryimage\"},\"image\":{\"@id\":\"https:\\\/\\\/blog.infraspeak.com\\\/pt-br\\\/infraspeak-airthings\\\/#primaryimage\"},\"thumbnailUrl\":\"https:\\\/\\\/blog.infraspeak.com\\\/wp-content\\\/uploads\\\/2023\\\/06\\\/Blog_Infraspeak_Airthings-1.png\",\"datePublished\":\"2023-06-28T11:38:59+00:00\",\"dateModified\":\"2023-06-28T11:40:51+00:00\",\"description\":\"A IMMP da Infraspeak integrada ao nosso novo parceiro oficial Airthings \u2013 a empresa l\u00edder em monitoramento da qualidade do ar.\",\"breadcrumb\":{\"@id\":\"https:\\\/\\\/blog.infraspeak.com\\\/pt-br\\\/infraspeak-airthings\\\/#breadcrumb\"},\"inLanguage\":\"pt-BR\",\"potentialAction\":[{\"@type\":\"ReadAction\",\"target\":[\"https:\\\/\\\/blog.infraspeak.com\\\/pt-br\\\/infraspeak-airthings\\\/\"]}]},{\"@type\":\"ImageObject\",\"inLanguage\":\"pt-BR\",\"@id\":\"https:\\\/\\\/blog.infraspeak.com\\\/pt-br\\\/infraspeak-airthings\\\/#primaryimage\",\"url\":\"https:\\\/\\\/blog.infraspeak.com\\\/wp-content\\\/uploads\\\/2023\\\/06\\\/Blog_Infraspeak_Airthings-1.png\",\"contentUrl\":\"https:\\\/\\\/blog.infraspeak.com\\\/wp-content\\\/uploads\\\/2023\\\/06\\\/Blog_Infraspeak_Airthings-1.png\",\"width\":1770,\"height\":640,\"caption\":\"airthings\"},{\"@type\":\"BreadcrumbList\",\"@id\":\"https:\\\/\\\/blog.infraspeak.com\\\/pt-br\\\/infraspeak-airthings\\\/#breadcrumb\",\"itemListElement\":[{\"@type\":\"ListItem\",\"position\":1,\"name\":\"Home\",\"item\":\"https:\\\/\\\/blog.infraspeak.com\\\/\"},{\"@type\":\"ListItem\",\"position\":2,\"name\":\"Infraspeak e Airthings: combinando for\u00e7as para que voc\u00ea possa respirar melhor\"}]},{\"@type\":\"WebSite\",\"@id\":\"https:\\\/\\\/blog.infraspeak.com\\\/pt-pt\\\/#website\",\"url\":\"https:\\\/\\\/blog.infraspeak.com\\\/pt-pt\\\/\",\"name\":\"Infraspeak Blog\",\"description\":\"All About Maintenance and Facilities Management\",\"publisher\":{\"@id\":\"https:\\\/\\\/blog.infraspeak.com\\\/pt-pt\\\/#organization\"},\"potentialAction\":[{\"@type\":\"SearchAction\",\"target\":{\"@type\":\"EntryPoint\",\"urlTemplate\":\"https:\\\/\\\/blog.infraspeak.com\\\/pt-pt\\\/?s={search_term_string}\"},\"query-input\":{\"@type\":\"PropertyValueSpecification\",\"valueRequired\":true,\"valueName\":\"search_term_string\"}}],\"inLanguage\":\"pt-BR\"},{\"@type\":\"Organization\",\"@id\":\"https:\\\/\\\/blog.infraspeak.com\\\/pt-pt\\\/#organization\",\"name\":\"Infraspeak\",\"url\":\"https:\\\/\\\/blog.infraspeak.com\\\/pt-pt\\\/\",\"logo\":{\"@type\":\"ImageObject\",\"inLanguage\":\"pt-BR\",\"@id\":\"https:\\\/\\\/blog.infraspeak.com\\\/pt-pt\\\/#\\\/schema\\\/logo\\\/image\\\/\",\"url\":\"https:\\\/\\\/blog.infraspeak.com\\\/wp-content\\\/uploads\\\/2018\\\/11\\\/is-logo@2x.png\",\"contentUrl\":\"https:\\\/\\\/blog.infraspeak.com\\\/wp-content\\\/uploads\\\/2018\\\/11\\\/is-logo@2x.png\",\"width\":544,\"height\":180,\"caption\":\"Infraspeak\"},\"image\":{\"@id\":\"https:\\\/\\\/blog.infraspeak.com\\\/pt-pt\\\/#\\\/schema\\\/logo\\\/image\\\/\"},\"sameAs\":[\"https:\\\/\\\/www.facebook.com\\\/infraspeakmaintenance\",\"https:\\\/\\\/x.com\\\/infraspeak\",\"https:\\\/\\\/www.instagram.com\\\/infraspeak\\\/\",\"http:\\\/\\\/www.linkedin.com\\\/company\\\/infraspeak\",\"https:\\\/\\\/www.youtube.com\\\/channel\\\/UCOdjKyhSD9RJbRhuP-S8Avw\"]},{\"@type\":\"Person\",\"@id\":\"https:\\\/\\\/blog.infraspeak.com\\\/pt-pt\\\/#\\\/schema\\\/person\\\/b53887f01881a658b4cc1bf25f2d4377\",\"name\":\"Infraspeak Team\",\"image\":{\"@type\":\"ImageObject\",\"inLanguage\":\"pt-BR\",\"@id\":\"https:\\\/\\\/blog.infraspeak.com\\\/wp-content\\\/uploads\\\/2023\\\/02\\\/296167549_2627985274000609_8314221938057526692_n-120x120.jpg\",\"url\":\"https:\\\/\\\/blog.infraspeak.com\\\/wp-content\\\/uploads\\\/2023\\\/02\\\/296167549_2627985274000609_8314221938057526692_n-120x120.jpg\",\"contentUrl\":\"https:\\\/\\\/blog.infraspeak.com\\\/wp-content\\\/uploads\\\/2023\\\/02\\\/296167549_2627985274000609_8314221938057526692_n-120x120.jpg\",\"caption\":\"Infraspeak Team\"},\"url\":\"https:\\\/\\\/blog.infraspeak.com\\\/pt-br\\\/author\\\/infraspeakteam\\\/\"}]}<\/script>\n<!-- \/ Yoast SEO plugin. -->","yoast_head_json":{"title":"Infraspeak e Airthings: combinando for\u00e7as para que voc\u00ea possa respirar melhor &#8226; Infraspeak Blog","description":"A IMMP da Infraspeak integrada ao nosso novo parceiro oficial Airthings \u2013 a empresa l\u00edder em monitoramento da qualidade do ar.","robots":{"index":"index","follow":"follow","max-snippet":"max-snippet:-1","max-image-preview":"max-image-preview:large","max-video-preview":"max-video-preview:-1"},"canonical":"https:\/\/blog.infraspeak.com\/pt-br\/infraspeak-airthings\/","og_locale":"pt_BR","og_type":"article","og_title":"Infraspeak e Airthings: combinando for\u00e7as para que voc\u00ea possa respirar melhor &#8226; Infraspeak Blog","og_description":"A IMMP da Infraspeak integrada ao nosso novo parceiro oficial Airthings \u2013 a empresa l\u00edder em monitoramento da qualidade do ar.","og_url":"https:\/\/blog.infraspeak.com\/pt-br\/infraspeak-airthings\/","og_site_name":"Infraspeak Blog","article_publisher":"https:\/\/www.facebook.com\/infraspeakmaintenance","article_published_time":"2023-06-28T11:38:59+00:00","article_modified_time":"2023-06-28T11:40:51+00:00","og_image":[{"width":1770,"height":640,"url":"https:\/\/blog.infraspeak.com\/wp-content\/uploads\/2023\/06\/Blog_Infraspeak_Airthings-1.png","type":"image\/png"}],"author":"Infraspeak Team","twitter_card":"summary_large_image","twitter_creator":"@infraspeak","twitter_site":"@infraspeak","twitter_misc":{"Escrito por":"Infraspeak Team","Est. tempo de leitura":"6 minutos"},"schema":{"@context":"https:\/\/schema.org","@graph":[{"@type":"Article","@id":"https:\/\/blog.infraspeak.com\/pt-br\/infraspeak-airthings\/#article","isPartOf":{"@id":"https:\/\/blog.infraspeak.com\/pt-br\/infraspeak-airthings\/"},"author":{"name":"Infraspeak Team","@id":"https:\/\/blog.infraspeak.com\/pt-pt\/#\/schema\/person\/b53887f01881a658b4cc1bf25f2d4377"},"headline":"Infraspeak e Airthings: combinando for\u00e7as para que voc\u00ea possa respirar melhor","datePublished":"2023-06-28T11:38:59+00:00","dateModified":"2023-06-28T11:40:51+00:00","mainEntityOfPage":{"@id":"https:\/\/blog.infraspeak.com\/pt-br\/infraspeak-airthings\/"},"wordCount":1429,"publisher":{"@id":"https:\/\/blog.infraspeak.com\/pt-pt\/#organization"},"image":{"@id":"https:\/\/blog.infraspeak.com\/pt-br\/infraspeak-airthings\/#primaryimage"},"thumbnailUrl":"https:\/\/blog.infraspeak.com\/wp-content\/uploads\/2023\/06\/Blog_Infraspeak_Airthings-1.png","articleSection":["Infraspeak","Tecnologia"],"inLanguage":"pt-BR"},{"@type":"WebPage","@id":"https:\/\/blog.infraspeak.com\/pt-br\/infraspeak-airthings\/","url":"https:\/\/blog.infraspeak.com\/pt-br\/infraspeak-airthings\/","name":"Infraspeak e Airthings: combinando for\u00e7as para que voc\u00ea possa respirar melhor &#8226; Infraspeak Blog","isPartOf":{"@id":"https:\/\/blog.infraspeak.com\/pt-pt\/#website"},"primaryImageOfPage":{"@id":"https:\/\/blog.infraspeak.com\/pt-br\/infraspeak-airthings\/#primaryimage"},"image":{"@id":"https:\/\/blog.infraspeak.com\/pt-br\/infraspeak-airthings\/#primaryimage"},"thumbnailUrl":"https:\/\/blog.infraspeak.com\/wp-content\/uploads\/2023\/06\/Blog_Infraspeak_Airthings-1.png","datePublished":"2023-06-28T11:38:59+00:00","dateModified":"2023-06-28T11:40:51+00:00","description":"A IMMP da Infraspeak integrada ao nosso novo parceiro oficial Airthings \u2013 a empresa l\u00edder em monitoramento da qualidade do ar.","breadcrumb":{"@id":"https:\/\/blog.infraspeak.com\/pt-br\/infraspeak-airthings\/#breadcrumb"},"inLanguage":"pt-BR","potentialAction":[{"@type":"ReadAction","target":["https:\/\/blog.infraspeak.com\/pt-br\/infraspeak-airthings\/"]}]},{"@type":"ImageObject","inLanguage":"pt-BR","@id":"https:\/\/blog.infraspeak.com\/pt-br\/infraspeak-airthings\/#primaryimage","url":"https:\/\/blog.infraspeak.com\/wp-content\/uploads\/2023\/06\/Blog_Infraspeak_Airthings-1.png","contentUrl":"https:\/\/blog.infraspeak.com\/wp-content\/uploads\/2023\/06\/Blog_Infraspeak_Airthings-1.png","width":1770,"height":640,"caption":"airthings"},{"@type":"BreadcrumbList","@id":"https:\/\/blog.infraspeak.com\/pt-br\/infraspeak-airthings\/#breadcrumb","itemListElement":[{"@type":"ListItem","position":1,"name":"Home","item":"https:\/\/blog.infraspeak.com\/"},{"@type":"ListItem","position":2,"name":"Infraspeak e Airthings: combinando for\u00e7as para que voc\u00ea possa respirar melhor"}]},{"@type":"WebSite","@id":"https:\/\/blog.infraspeak.com\/pt-pt\/#website","url":"https:\/\/blog.infraspeak.com\/pt-pt\/","name":"Infraspeak Blog","description":"All About Maintenance and Facilities Management","publisher":{"@id":"https:\/\/blog.infraspeak.com\/pt-pt\/#organization"},"potentialAction":[{"@type":"SearchAction","target":{"@type":"EntryPoint","urlTemplate":"https:\/\/blog.infraspeak.com\/pt-pt\/?s={search_term_string}"},"query-input":{"@type":"PropertyValueSpecification","valueRequired":true,"valueName":"search_term_string"}}],"inLanguage":"pt-BR"},{"@type":"Organization","@id":"https:\/\/blog.infraspeak.com\/pt-pt\/#organization","name":"Infraspeak","url":"https:\/\/blog.infraspeak.com\/pt-pt\/","logo":{"@type":"ImageObject","inLanguage":"pt-BR","@id":"https:\/\/blog.infraspeak.com\/pt-pt\/#\/schema\/logo\/image\/","url":"https:\/\/blog.infraspeak.com\/wp-content\/uploads\/2018\/11\/is-logo@2x.png","contentUrl":"https:\/\/blog.infraspeak.com\/wp-content\/uploads\/2018\/11\/is-logo@2x.png","width":544,"height":180,"caption":"Infraspeak"},"image":{"@id":"https:\/\/blog.infraspeak.com\/pt-pt\/#\/schema\/logo\/image\/"},"sameAs":["https:\/\/www.facebook.com\/infraspeakmaintenance","https:\/\/x.com\/infraspeak","https:\/\/www.instagram.com\/infraspeak\/","http:\/\/www.linkedin.com\/company\/infraspeak","https:\/\/www.youtube.com\/channel\/UCOdjKyhSD9RJbRhuP-S8Avw"]},{"@type":"Person","@id":"https:\/\/blog.infraspeak.com\/pt-pt\/#\/schema\/person\/b53887f01881a658b4cc1bf25f2d4377","name":"Infraspeak Team","image":{"@type":"ImageObject","inLanguage":"pt-BR","@id":"https:\/\/blog.infraspeak.com\/wp-content\/uploads\/2023\/02\/296167549_2627985274000609_8314221938057526692_n-120x120.jpg","url":"https:\/\/blog.infraspeak.com\/wp-content\/uploads\/2023\/02\/296167549_2627985274000609_8314221938057526692_n-120x120.jpg","contentUrl":"https:\/\/blog.infraspeak.com\/wp-content\/uploads\/2023\/02\/296167549_2627985274000609_8314221938057526692_n-120x120.jpg","caption":"Infraspeak Team"},"url":"https:\/\/blog.infraspeak.com\/pt-br\/author\/infraspeakteam\/"}]}},"_links":{"self":[{"href":"https:\/\/blog.infraspeak.com\/pt-br\/wp-json\/wp\/v2\/posts\/24562","targetHints":{"allow":["GET"]}}],"collection":[{"href":"https:\/\/blog.infraspeak.com\/pt-br\/wp-json\/wp\/v2\/posts"}],"about":[{"href":"https:\/\/blog.infraspeak.com\/pt-br\/wp-json\/wp\/v2\/types\/post"}],"author":[{"embeddable":true,"href":"https:\/\/blog.infraspeak.com\/pt-br\/wp-json\/wp\/v2\/users\/54"}],"replies":[{"embeddable":true,"href":"https:\/\/blog.infraspeak.com\/pt-br\/wp-json\/wp\/v2\/comments?post=24562"}],"version-history":[{"count":3,"href":"https:\/\/blog.infraspeak.com\/pt-br\/wp-json\/wp\/v2\/posts\/24562\/revisions"}],"predecessor-version":[{"id":24583,"href":"https:\/\/blog.infraspeak.com\/pt-br\/wp-json\/wp\/v2\/posts\/24562\/revisions\/24583"}],"wp:featuredmedia":[{"embeddable":true,"href":"https:\/\/blog.infraspeak.com\/pt-br\/wp-json\/wp\/v2\/media\/24543"}],"wp:attachment":[{"href":"https:\/\/blog.infraspeak.com\/pt-br\/wp-json\/wp\/v2\/media?parent=24562"}],"wp:term":[{"taxonomy":"category","embeddable":true,"href":"https:\/\/blog.infraspeak.com\/pt-br\/wp-json\/wp\/v2\/categories?post=24562"},{"taxonomy":"post_tag","embeddable":true,"href":"https:\/\/blog.infraspeak.com\/pt-br\/wp-json\/wp\/v2\/tags?post=24562"}],"curies":[{"name":"wp","href":"https:\/\/api.w.org\/{rel}","templated":true}]}}