{"id":26119,"date":"2023-09-15T10:02:03","date_gmt":"2023-09-15T10:02:03","guid":{"rendered":"https:\/\/blog.infraspeak.com\/?p=26119"},"modified":"2023-09-19T10:36:53","modified_gmt":"2023-09-19T10:36:53","slug":"tenemos-que-hablar-de-salarios-elies-gosalbez","status":"publish","type":"post","link":"https:\/\/blog.infraspeak.com\/es\/tenemos-que-hablar-de-salarios-elies-gosalbez\/","title":{"rendered":"Tenemos que hablar de salarios. Una entrevista con Elies Gosalbez"},"content":{"rendered":"<div id=\"bsf_rt_marker\"><\/div>\n<p>La<strong>&nbsp;<a href=\"https:\/\/intelligenceformaintenance.com\/es\/\" target=\"_blank\" rel=\"noreferrer noopener\">comunidad IFM \u2014 Intelligence for Maintenance<\/a>&nbsp;<\/strong>ha reunido a profesionales de facilities management y mantenimiento que comparten su pasi\u00f3n por el sector. Con el objetivo de comprender mejor las experiencias de estos miembros y su inter\u00e9s en el Informe sobre Salarios y Beneficios en FM &amp; Mantenimiento, llevamos a cabo una serie de conversaciones, que hoy compartimos .&nbsp;<\/p>\n\n\n\n<p>En esta entrevista, hablamos con<strong><a href=\"https:\/\/www.linkedin.com\/in\/elies-gosalbez-guijarro-pmp%C2%AE%EF%B8%8F-4926622a\/\" target=\"_blank\" rel=\"noreferrer noopener\">\u00a0Elies Gosalbez Guijarro<\/a><\/strong>, <strong>destacado super miembro\u00a0de IFM, <\/strong>para conocer su perspectiva y experiencia.<\/p>\n\n\n\n<h3 class=\"wp-block-heading\"><strong>Cu\u00e9ntanos un poco sobre tu trayectoria profesional y qu\u00e9 te llev\u00f3 a formar parte de la comunidad IFM.<\/strong><\/h3>\n\n\n\n<p>El primer contacto con el mantenimiento de instalaciones ocurri\u00f3 durante las pr\u00e1cticas que realic\u00e9 durante mi formaci\u00f3n universitaria, y recuerdo que entender las instalaciones y conocer c\u00f3mo funcionan me encant\u00f3. Desde entonces, he ido buscando instalaciones de mayor tama\u00f1o en las que aprender, hasta que reca\u00ed en una planta nuclear espa\u00f1ola, en la que inicialmente desempe\u00f1\u00e9 un rol de formador para el personal de mantenimiento. <\/p>\n\n\n\n<p>Durante esta experiencia aprend\u00ed much\u00edsimo acerca de c\u00f3mo se trabaja en este tipo de instalaciones y lo que es m\u00e1s importante, aprend\u00ed que las personas son la base del \u00e9xito de cualquier instalaci\u00f3n. Posteriormente, mi carrera profesional vir\u00f3 hacia la operaci\u00f3n de este tipo de centrales, pero con una visi\u00f3n de mantenimiento que me ayuda a entender el proceso global de los procesos y trabajos que se llevan a cabo en las instalaciones.&nbsp; <\/p>\n\n\n\n<p>La curiosidad y entender que el compartir experiencias y aprendizajes con otros profesionales del sector es la mejor forma de crecer profesionalmente, me llevaron a formar parte de la comunidad IFM.&nbsp;&nbsp;&nbsp;&nbsp;&nbsp;&nbsp;<\/p>\n\n\n\n<h3 class=\"wp-block-heading\"><strong>\u00bfQu\u00e9 te motiva a ser parte activa de la comunidad IFM? \u00bfCu\u00e1l consideras que es el mayor beneficio de ser miembro IFM?<\/strong><\/h3>\n\n\n\n<p>Creo que compartir conocimientos, aprender de otros y ayudar a profesionales como tu o como yo, es la mejor motivaci\u00f3n para formar parte de una comunidad como IFM. Por lo tanto, el mayor beneficio de la comunidad creo que radica en poder conectar con un gran n\u00famero de personas que te pueden ayudar o dar otros puntos de vista acerca de problemas o situaciones que se te puedan plantear en tu d\u00eda a d\u00eda. <\/p>\n\n\n\n<p>De esta forma la comunidad IFM se convierte en una gran fuente de conocimiento colaborativo que beneficia de forma directa a todos sus miembros.<\/p>\n\n\n\n<h3 class=\"wp-block-heading\"><strong>El estudio sobre salarios y beneficios en el sector FM y mantenimiento es una iniciativa relevante. \u00bfQu\u00e9 te impuls\u00f3 a participar y contribuir en la elaboraci\u00f3n de este informe?<\/strong><\/h3>\n\n\n\n<p>Pienso que es importante para los profesionales del sector tener un rango salarial que represente la realidad del mercado laboral en cada industria y pa\u00eds. As\u00ed c\u00f3mo, conocer que otros beneficios est\u00e1n ofreciendo las compa\u00f1\u00edas para retener el talento en cada una de ellas. <\/p>\n\n\n\n<p>Todo esto nos ofrece una foto completa del sector y de nuestra situaci\u00f3n en el mismo, pudiendo tomar decisiones al respecto para mejorar nuestra situaci\u00f3n laboral.&nbsp;<\/p>\n\n\n\n<h3 class=\"wp-block-heading\"><strong>A lo largo de tu carrera, \u00bfhas enfrentado alg\u00fan desaf\u00edo particular en relaci\u00f3n con la compensaci\u00f3n y el benchmark salarial? Si es as\u00ed, \u00bfc\u00f3mo lo has afrontado?<\/strong><\/h3>\n\n\n\n<p>En cualquier cambio de empleo, o bien durante el desarrollo de tu carrera profesional en una misma compa\u00f1\u00eda, debemos tener en cuenta, el valor que ofrecemos a la empresa y el rango salarial del sector para tu puesto de trabajo, con el objetivo de generar acuerdos <em>win-win<\/em>, en los que ambas partes salgan beneficiados para mantener un ambiente retador en las compa\u00f1\u00edas.&nbsp;<\/p>\n\n\n\n<h3 class=\"wp-block-heading\"><strong>Durante el \u00faltimo Facilities Show, en Londres, la contrataci\u00f3n fue mencionada c\u00f3mo uno de los principales desaf\u00edos actuales de las operaciones.&nbsp;\u00bfC\u00f3mo crees que este informe sobre salarios y beneficios podr\u00eda ayudar a abordar este problema?<\/strong><\/h3>\n\n\n\n<p>Creo que conocer los salarios y beneficios que las compa\u00f1\u00edas ofrecen a los profesionales del sector, puede mostrar una realidad que llame la atenci\u00f3n a estudiantes de carreras t\u00e9cnicas para que desarrollen su carrera en el FM y mantenimiento.&nbsp;&nbsp;&nbsp;<\/p>\n\n\n\n<h3 class=\"wp-block-heading\"><strong>En tu opini\u00f3n, \u00bfc\u00f3mo crees que este informe puede beneficiar a otros profesionales del sector FM y mantenimiento? \u00bfQu\u00e9 impacto crees que tendr\u00e1 en la comunidad IFM en general?<\/strong><\/h3>\n\n\n\n<p>Pienso que el estudio va a sacar a relucir el valor que los profesionales del sector ofrecen a sus compa\u00f1\u00edas y por otro lado va a hacer ver a las compa\u00f1\u00edas que los profesionales altamente cualificados tanto desde el punto de vista t\u00e9cnico como desde el punto de vista del liderazgo y management cuestan de retener. <\/p>\n\n\n\n<p>Creo que ya no solo basta con ofrecer un buen salario para retener a las personas, sino que hay que ofrecer muchos m\u00e1s beneficios para que quieran quedarse en la empresa, y muchos de \u00e9stos empiezan a valorarse mucho m\u00e1s que el propio salario. <\/p>\n\n\n\n<p>Por lo tanto un estudio de este tipo va a aportar datos al respecto que nos pueden ayudar a determinar las tendencias en cuanto a los beneficios m\u00e1s valorados dentro del sector y su peso en la decisi\u00f3n de continuar o no en una compa\u00f1\u00eda.&nbsp;<\/p>\n\n\n\n<h3 class=\"wp-block-heading\">\u2014<\/h3>\n\n\n\n<p><em>Agradecemos a nuestros miembros de IFM por compartir sus valiosas perspectivas y experiencias sobre el informe de compensaci\u00f3n y benchmark salarial en FM y mantenimiento. Juntos fortalecemos nuestra industria, hacia un futuro m\u00e1s s\u00f3lido para todos los profesionales del sector.<\/em><\/p>\n","protected":false},"excerpt":{"rendered":"<p>En esta entrevista, hablamos con\u00a0Elies Gosalbez Guijarro, destacado super miembro\u00a0de IFM, para conocer su perspectiva y experiencia.<\/p>\n","protected":false},"author":54,"featured_media":25629,"comment_status":"closed","ping_status":"closed","sticky":false,"template":"","format":"standard","meta":{"content-type":"","footnotes":"","_wp_rev_ctl_limit":""},"categories":[785,765],"tags":[],"class_list":["post-26119","post","type-post","status-publish","format-standard","has-post-thumbnail","hentry","category-comunidad-ifm","category-non-classifiee"],"yoast_head":"<!-- This site is optimized with the Yoast SEO plugin v27.3 - https:\/\/yoast.com\/product\/yoast-seo-wordpress\/ -->\n<title>Tenemos que hablar de salarios. Una entrevista con Elies Gosalbez &#8226; Infraspeak Blog<\/title>\n<meta name=\"description\" content=\"En esta entrevista, hablamos con\u00a0Elies Gosalbez Guijarro, destacado super miembro\u00a0de IFM, para conocer su perspectiva y experiencia.\" \/>\n<meta name=\"robots\" content=\"index, follow, max-snippet:-1, max-image-preview:large, max-video-preview:-1\" \/>\n<link rel=\"canonical\" href=\"https:\/\/blog.infraspeak.com\/es\/tenemos-que-hablar-de-salarios-elies-gosalbez\/\" \/>\n<meta property=\"og:locale\" content=\"es_ES\" \/>\n<meta property=\"og:type\" content=\"article\" \/>\n<meta property=\"og:title\" content=\"Tenemos que hablar de salarios. Una entrevista con Elies Gosalbez &#8226; Infraspeak Blog\" \/>\n<meta property=\"og:description\" content=\"En esta entrevista, hablamos con\u00a0Elies Gosalbez Guijarro, destacado super miembro\u00a0de IFM, para conocer su perspectiva y experiencia.\" \/>\n<meta property=\"og:url\" content=\"https:\/\/blog.infraspeak.com\/es\/tenemos-que-hablar-de-salarios-elies-gosalbez\/\" \/>\n<meta property=\"og:site_name\" content=\"Infraspeak Blog\" \/>\n<meta property=\"article:publisher\" content=\"https:\/\/www.facebook.com\/infraspeakmaintenance\" \/>\n<meta property=\"article:published_time\" content=\"2023-09-15T10:02:03+00:00\" \/>\n<meta property=\"article:modified_time\" content=\"2023-09-19T10:36:53+00:00\" \/>\n<meta property=\"og:image\" content=\"https:\/\/blog.infraspeak.com\/wp-content\/uploads\/2023\/07\/1000x666-1.png\" \/>\n\t<meta property=\"og:image:width\" content=\"1000\" \/>\n\t<meta property=\"og:image:height\" content=\"666\" \/>\n\t<meta property=\"og:image:type\" content=\"image\/png\" \/>\n<meta name=\"author\" content=\"Infraspeak Team\" \/>\n<meta name=\"twitter:card\" content=\"summary_large_image\" \/>\n<meta name=\"twitter:creator\" content=\"@infraspeak\" \/>\n<meta name=\"twitter:site\" content=\"@infraspeak\" \/>\n<meta name=\"twitter:label1\" content=\"Escrito por\" \/>\n\t<meta name=\"twitter:data1\" content=\"Infraspeak Team\" \/>\n\t<meta name=\"twitter:label2\" content=\"Tiempo de lectura\" \/>\n\t<meta name=\"twitter:data2\" content=\"5 minutos\" \/>\n<script type=\"application\/ld+json\" class=\"yoast-schema-graph\">{\"@context\":\"https:\\\/\\\/schema.org\",\"@graph\":[{\"@type\":\"Article\",\"@id\":\"https:\\\/\\\/blog.infraspeak.com\\\/es\\\/tenemos-que-hablar-de-salarios-elies-gosalbez\\\/#article\",\"isPartOf\":{\"@id\":\"https:\\\/\\\/blog.infraspeak.com\\\/es\\\/tenemos-que-hablar-de-salarios-elies-gosalbez\\\/\"},\"author\":{\"name\":\"Infraspeak Team\",\"@id\":\"https:\\\/\\\/blog.infraspeak.com\\\/pt-pt\\\/#\\\/schema\\\/person\\\/b53887f01881a658b4cc1bf25f2d4377\"},\"headline\":\"Tenemos que hablar de salarios. Una entrevista con Elies Gosalbez\",\"datePublished\":\"2023-09-15T10:02:03+00:00\",\"dateModified\":\"2023-09-19T10:36:53+00:00\",\"mainEntityOfPage\":{\"@id\":\"https:\\\/\\\/blog.infraspeak.com\\\/es\\\/tenemos-que-hablar-de-salarios-elies-gosalbez\\\/\"},\"wordCount\":941,\"publisher\":{\"@id\":\"https:\\\/\\\/blog.infraspeak.com\\\/pt-pt\\\/#organization\"},\"image\":{\"@id\":\"https:\\\/\\\/blog.infraspeak.com\\\/es\\\/tenemos-que-hablar-de-salarios-elies-gosalbez\\\/#primaryimage\"},\"thumbnailUrl\":\"https:\\\/\\\/blog.infraspeak.com\\\/wp-content\\\/uploads\\\/2023\\\/07\\\/1000x666-1.png\",\"articleSection\":[\"Comunidad IFM\",\"Non classifi\u00e9(e)\"],\"inLanguage\":\"es\"},{\"@type\":\"WebPage\",\"@id\":\"https:\\\/\\\/blog.infraspeak.com\\\/es\\\/tenemos-que-hablar-de-salarios-elies-gosalbez\\\/\",\"url\":\"https:\\\/\\\/blog.infraspeak.com\\\/es\\\/tenemos-que-hablar-de-salarios-elies-gosalbez\\\/\",\"name\":\"Tenemos que hablar de salarios. Una entrevista con Elies Gosalbez &#8226; Infraspeak Blog\",\"isPartOf\":{\"@id\":\"https:\\\/\\\/blog.infraspeak.com\\\/pt-pt\\\/#website\"},\"primaryImageOfPage\":{\"@id\":\"https:\\\/\\\/blog.infraspeak.com\\\/es\\\/tenemos-que-hablar-de-salarios-elies-gosalbez\\\/#primaryimage\"},\"image\":{\"@id\":\"https:\\\/\\\/blog.infraspeak.com\\\/es\\\/tenemos-que-hablar-de-salarios-elies-gosalbez\\\/#primaryimage\"},\"thumbnailUrl\":\"https:\\\/\\\/blog.infraspeak.com\\\/wp-content\\\/uploads\\\/2023\\\/07\\\/1000x666-1.png\",\"datePublished\":\"2023-09-15T10:02:03+00:00\",\"dateModified\":\"2023-09-19T10:36:53+00:00\",\"description\":\"En esta entrevista, hablamos con\u00a0Elies Gosalbez Guijarro, destacado super miembro\u00a0de IFM, para conocer su perspectiva y experiencia.\",\"breadcrumb\":{\"@id\":\"https:\\\/\\\/blog.infraspeak.com\\\/es\\\/tenemos-que-hablar-de-salarios-elies-gosalbez\\\/#breadcrumb\"},\"inLanguage\":\"es\",\"potentialAction\":[{\"@type\":\"ReadAction\",\"target\":[\"https:\\\/\\\/blog.infraspeak.com\\\/es\\\/tenemos-que-hablar-de-salarios-elies-gosalbez\\\/\"]}]},{\"@type\":\"ImageObject\",\"inLanguage\":\"es\",\"@id\":\"https:\\\/\\\/blog.infraspeak.com\\\/es\\\/tenemos-que-hablar-de-salarios-elies-gosalbez\\\/#primaryimage\",\"url\":\"https:\\\/\\\/blog.infraspeak.com\\\/wp-content\\\/uploads\\\/2023\\\/07\\\/1000x666-1.png\",\"contentUrl\":\"https:\\\/\\\/blog.infraspeak.com\\\/wp-content\\\/uploads\\\/2023\\\/07\\\/1000x666-1.png\",\"width\":1000,\"height\":666,\"caption\":\"salarios e compensacao em FM\"},{\"@type\":\"BreadcrumbList\",\"@id\":\"https:\\\/\\\/blog.infraspeak.com\\\/es\\\/tenemos-que-hablar-de-salarios-elies-gosalbez\\\/#breadcrumb\",\"itemListElement\":[{\"@type\":\"ListItem\",\"position\":1,\"name\":\"Home\",\"item\":\"https:\\\/\\\/blog.infraspeak.com\\\/\"},{\"@type\":\"ListItem\",\"position\":2,\"name\":\"Tenemos que hablar de salarios. Una entrevista con Elies Gosalbez\"}]},{\"@type\":\"WebSite\",\"@id\":\"https:\\\/\\\/blog.infraspeak.com\\\/pt-pt\\\/#website\",\"url\":\"https:\\\/\\\/blog.infraspeak.com\\\/pt-pt\\\/\",\"name\":\"Infraspeak Blog\",\"description\":\"All About Maintenance and Facilities Management\",\"publisher\":{\"@id\":\"https:\\\/\\\/blog.infraspeak.com\\\/pt-pt\\\/#organization\"},\"potentialAction\":[{\"@type\":\"SearchAction\",\"target\":{\"@type\":\"EntryPoint\",\"urlTemplate\":\"https:\\\/\\\/blog.infraspeak.com\\\/pt-pt\\\/?s={search_term_string}\"},\"query-input\":{\"@type\":\"PropertyValueSpecification\",\"valueRequired\":true,\"valueName\":\"search_term_string\"}}],\"inLanguage\":\"es\"},{\"@type\":\"Organization\",\"@id\":\"https:\\\/\\\/blog.infraspeak.com\\\/pt-pt\\\/#organization\",\"name\":\"Infraspeak\",\"url\":\"https:\\\/\\\/blog.infraspeak.com\\\/pt-pt\\\/\",\"logo\":{\"@type\":\"ImageObject\",\"inLanguage\":\"es\",\"@id\":\"https:\\\/\\\/blog.infraspeak.com\\\/pt-pt\\\/#\\\/schema\\\/logo\\\/image\\\/\",\"url\":\"https:\\\/\\\/blog.infraspeak.com\\\/wp-content\\\/uploads\\\/2018\\\/11\\\/is-logo@2x.png\",\"contentUrl\":\"https:\\\/\\\/blog.infraspeak.com\\\/wp-content\\\/uploads\\\/2018\\\/11\\\/is-logo@2x.png\",\"width\":544,\"height\":180,\"caption\":\"Infraspeak\"},\"image\":{\"@id\":\"https:\\\/\\\/blog.infraspeak.com\\\/pt-pt\\\/#\\\/schema\\\/logo\\\/image\\\/\"},\"sameAs\":[\"https:\\\/\\\/www.facebook.com\\\/infraspeakmaintenance\",\"https:\\\/\\\/x.com\\\/infraspeak\",\"https:\\\/\\\/www.instagram.com\\\/infraspeak\\\/\",\"http:\\\/\\\/www.linkedin.com\\\/company\\\/infraspeak\",\"https:\\\/\\\/www.youtube.com\\\/channel\\\/UCOdjKyhSD9RJbRhuP-S8Avw\"]},{\"@type\":\"Person\",\"@id\":\"https:\\\/\\\/blog.infraspeak.com\\\/pt-pt\\\/#\\\/schema\\\/person\\\/b53887f01881a658b4cc1bf25f2d4377\",\"name\":\"Infraspeak Team\",\"image\":{\"@type\":\"ImageObject\",\"inLanguage\":\"es\",\"@id\":\"https:\\\/\\\/blog.infraspeak.com\\\/wp-content\\\/uploads\\\/2023\\\/02\\\/296167549_2627985274000609_8314221938057526692_n-120x120.jpg\",\"url\":\"https:\\\/\\\/blog.infraspeak.com\\\/wp-content\\\/uploads\\\/2023\\\/02\\\/296167549_2627985274000609_8314221938057526692_n-120x120.jpg\",\"contentUrl\":\"https:\\\/\\\/blog.infraspeak.com\\\/wp-content\\\/uploads\\\/2023\\\/02\\\/296167549_2627985274000609_8314221938057526692_n-120x120.jpg\",\"caption\":\"Infraspeak Team\"},\"url\":\"https:\\\/\\\/blog.infraspeak.com\\\/es\\\/author\\\/infraspeakteam\\\/\"}]}<\/script>\n<!-- \/ Yoast SEO plugin. -->","yoast_head_json":{"title":"Tenemos que hablar de salarios. Una entrevista con Elies Gosalbez &#8226; Infraspeak Blog","description":"En esta entrevista, hablamos con\u00a0Elies Gosalbez Guijarro, destacado super miembro\u00a0de IFM, para conocer su perspectiva y experiencia.","robots":{"index":"index","follow":"follow","max-snippet":"max-snippet:-1","max-image-preview":"max-image-preview:large","max-video-preview":"max-video-preview:-1"},"canonical":"https:\/\/blog.infraspeak.com\/es\/tenemos-que-hablar-de-salarios-elies-gosalbez\/","og_locale":"es_ES","og_type":"article","og_title":"Tenemos que hablar de salarios. Una entrevista con Elies Gosalbez &#8226; Infraspeak Blog","og_description":"En esta entrevista, hablamos con\u00a0Elies Gosalbez Guijarro, destacado super miembro\u00a0de IFM, para conocer su perspectiva y experiencia.","og_url":"https:\/\/blog.infraspeak.com\/es\/tenemos-que-hablar-de-salarios-elies-gosalbez\/","og_site_name":"Infraspeak Blog","article_publisher":"https:\/\/www.facebook.com\/infraspeakmaintenance","article_published_time":"2023-09-15T10:02:03+00:00","article_modified_time":"2023-09-19T10:36:53+00:00","og_image":[{"width":1000,"height":666,"url":"https:\/\/blog.infraspeak.com\/wp-content\/uploads\/2023\/07\/1000x666-1.png","type":"image\/png"}],"author":"Infraspeak Team","twitter_card":"summary_large_image","twitter_creator":"@infraspeak","twitter_site":"@infraspeak","twitter_misc":{"Escrito por":"Infraspeak Team","Tiempo de lectura":"5 minutos"},"schema":{"@context":"https:\/\/schema.org","@graph":[{"@type":"Article","@id":"https:\/\/blog.infraspeak.com\/es\/tenemos-que-hablar-de-salarios-elies-gosalbez\/#article","isPartOf":{"@id":"https:\/\/blog.infraspeak.com\/es\/tenemos-que-hablar-de-salarios-elies-gosalbez\/"},"author":{"name":"Infraspeak Team","@id":"https:\/\/blog.infraspeak.com\/pt-pt\/#\/schema\/person\/b53887f01881a658b4cc1bf25f2d4377"},"headline":"Tenemos que hablar de salarios. Una entrevista con Elies Gosalbez","datePublished":"2023-09-15T10:02:03+00:00","dateModified":"2023-09-19T10:36:53+00:00","mainEntityOfPage":{"@id":"https:\/\/blog.infraspeak.com\/es\/tenemos-que-hablar-de-salarios-elies-gosalbez\/"},"wordCount":941,"publisher":{"@id":"https:\/\/blog.infraspeak.com\/pt-pt\/#organization"},"image":{"@id":"https:\/\/blog.infraspeak.com\/es\/tenemos-que-hablar-de-salarios-elies-gosalbez\/#primaryimage"},"thumbnailUrl":"https:\/\/blog.infraspeak.com\/wp-content\/uploads\/2023\/07\/1000x666-1.png","articleSection":["Comunidad IFM","Non classifi\u00e9(e)"],"inLanguage":"es"},{"@type":"WebPage","@id":"https:\/\/blog.infraspeak.com\/es\/tenemos-que-hablar-de-salarios-elies-gosalbez\/","url":"https:\/\/blog.infraspeak.com\/es\/tenemos-que-hablar-de-salarios-elies-gosalbez\/","name":"Tenemos que hablar de salarios. Una entrevista con Elies Gosalbez &#8226; Infraspeak Blog","isPartOf":{"@id":"https:\/\/blog.infraspeak.com\/pt-pt\/#website"},"primaryImageOfPage":{"@id":"https:\/\/blog.infraspeak.com\/es\/tenemos-que-hablar-de-salarios-elies-gosalbez\/#primaryimage"},"image":{"@id":"https:\/\/blog.infraspeak.com\/es\/tenemos-que-hablar-de-salarios-elies-gosalbez\/#primaryimage"},"thumbnailUrl":"https:\/\/blog.infraspeak.com\/wp-content\/uploads\/2023\/07\/1000x666-1.png","datePublished":"2023-09-15T10:02:03+00:00","dateModified":"2023-09-19T10:36:53+00:00","description":"En esta entrevista, hablamos con\u00a0Elies Gosalbez Guijarro, destacado super miembro\u00a0de IFM, para conocer su perspectiva y experiencia.","breadcrumb":{"@id":"https:\/\/blog.infraspeak.com\/es\/tenemos-que-hablar-de-salarios-elies-gosalbez\/#breadcrumb"},"inLanguage":"es","potentialAction":[{"@type":"ReadAction","target":["https:\/\/blog.infraspeak.com\/es\/tenemos-que-hablar-de-salarios-elies-gosalbez\/"]}]},{"@type":"ImageObject","inLanguage":"es","@id":"https:\/\/blog.infraspeak.com\/es\/tenemos-que-hablar-de-salarios-elies-gosalbez\/#primaryimage","url":"https:\/\/blog.infraspeak.com\/wp-content\/uploads\/2023\/07\/1000x666-1.png","contentUrl":"https:\/\/blog.infraspeak.com\/wp-content\/uploads\/2023\/07\/1000x666-1.png","width":1000,"height":666,"caption":"salarios e compensacao em FM"},{"@type":"BreadcrumbList","@id":"https:\/\/blog.infraspeak.com\/es\/tenemos-que-hablar-de-salarios-elies-gosalbez\/#breadcrumb","itemListElement":[{"@type":"ListItem","position":1,"name":"Home","item":"https:\/\/blog.infraspeak.com\/"},{"@type":"ListItem","position":2,"name":"Tenemos que hablar de salarios. Una entrevista con Elies Gosalbez"}]},{"@type":"WebSite","@id":"https:\/\/blog.infraspeak.com\/pt-pt\/#website","url":"https:\/\/blog.infraspeak.com\/pt-pt\/","name":"Infraspeak Blog","description":"All About Maintenance and Facilities Management","publisher":{"@id":"https:\/\/blog.infraspeak.com\/pt-pt\/#organization"},"potentialAction":[{"@type":"SearchAction","target":{"@type":"EntryPoint","urlTemplate":"https:\/\/blog.infraspeak.com\/pt-pt\/?s={search_term_string}"},"query-input":{"@type":"PropertyValueSpecification","valueRequired":true,"valueName":"search_term_string"}}],"inLanguage":"es"},{"@type":"Organization","@id":"https:\/\/blog.infraspeak.com\/pt-pt\/#organization","name":"Infraspeak","url":"https:\/\/blog.infraspeak.com\/pt-pt\/","logo":{"@type":"ImageObject","inLanguage":"es","@id":"https:\/\/blog.infraspeak.com\/pt-pt\/#\/schema\/logo\/image\/","url":"https:\/\/blog.infraspeak.com\/wp-content\/uploads\/2018\/11\/is-logo@2x.png","contentUrl":"https:\/\/blog.infraspeak.com\/wp-content\/uploads\/2018\/11\/is-logo@2x.png","width":544,"height":180,"caption":"Infraspeak"},"image":{"@id":"https:\/\/blog.infraspeak.com\/pt-pt\/#\/schema\/logo\/image\/"},"sameAs":["https:\/\/www.facebook.com\/infraspeakmaintenance","https:\/\/x.com\/infraspeak","https:\/\/www.instagram.com\/infraspeak\/","http:\/\/www.linkedin.com\/company\/infraspeak","https:\/\/www.youtube.com\/channel\/UCOdjKyhSD9RJbRhuP-S8Avw"]},{"@type":"Person","@id":"https:\/\/blog.infraspeak.com\/pt-pt\/#\/schema\/person\/b53887f01881a658b4cc1bf25f2d4377","name":"Infraspeak Team","image":{"@type":"ImageObject","inLanguage":"es","@id":"https:\/\/blog.infraspeak.com\/wp-content\/uploads\/2023\/02\/296167549_2627985274000609_8314221938057526692_n-120x120.jpg","url":"https:\/\/blog.infraspeak.com\/wp-content\/uploads\/2023\/02\/296167549_2627985274000609_8314221938057526692_n-120x120.jpg","contentUrl":"https:\/\/blog.infraspeak.com\/wp-content\/uploads\/2023\/02\/296167549_2627985274000609_8314221938057526692_n-120x120.jpg","caption":"Infraspeak Team"},"url":"https:\/\/blog.infraspeak.com\/es\/author\/infraspeakteam\/"}]}},"_links":{"self":[{"href":"https:\/\/blog.infraspeak.com\/es\/wp-json\/wp\/v2\/posts\/26119","targetHints":{"allow":["GET"]}}],"collection":[{"href":"https:\/\/blog.infraspeak.com\/es\/wp-json\/wp\/v2\/posts"}],"about":[{"href":"https:\/\/blog.infraspeak.com\/es\/wp-json\/wp\/v2\/types\/post"}],"author":[{"embeddable":true,"href":"https:\/\/blog.infraspeak.com\/es\/wp-json\/wp\/v2\/users\/54"}],"replies":[{"embeddable":true,"href":"https:\/\/blog.infraspeak.com\/es\/wp-json\/wp\/v2\/comments?post=26119"}],"version-history":[{"count":8,"href":"https:\/\/blog.infraspeak.com\/es\/wp-json\/wp\/v2\/posts\/26119\/revisions"}],"predecessor-version":[{"id":26182,"href":"https:\/\/blog.infraspeak.com\/es\/wp-json\/wp\/v2\/posts\/26119\/revisions\/26182"}],"wp:featuredmedia":[{"embeddable":true,"href":"https:\/\/blog.infraspeak.com\/es\/wp-json\/wp\/v2\/media\/25629"}],"wp:attachment":[{"href":"https:\/\/blog.infraspeak.com\/es\/wp-json\/wp\/v2\/media?parent=26119"}],"wp:term":[{"taxonomy":"category","embeddable":true,"href":"https:\/\/blog.infraspeak.com\/es\/wp-json\/wp\/v2\/categories?post=26119"},{"taxonomy":"post_tag","embeddable":true,"href":"https:\/\/blog.infraspeak.com\/es\/wp-json\/wp\/v2\/tags?post=26119"}],"curies":[{"name":"wp","href":"https:\/\/api.w.org\/{rel}","templated":true}]}}