{"id":11830,"date":"2021-11-30T11:45:42","date_gmt":"2021-11-30T11:45:42","guid":{"rendered":"https:\/\/blog.infraspeak.com\/?p=11830"},"modified":"2026-04-02T18:19:27","modified_gmt":"2026-04-02T18:19:27","slug":"mantenimiento-jardines-verticales","status":"publish","type":"post","link":"https:\/\/blog.infraspeak.com\/es\/mantenimiento-jardines-verticales\/","title":{"rendered":"Mantenimiento y Bioconstrucci\u00f3n: \u00bflos jardines verticales sacan tarjeta roja al mantenimiento?"},"content":{"rendered":"<div id=\"bsf_rt_marker\"><\/div><p>La Organizaci\u00f3n Mundial de la Salud recomienda que cada ciudad tenga <em>al menos<\/em> 9 m2 de zona verde por habitante (50 m2 ser\u00eda lo ideal). Pero, a medida que la poblaci\u00f3n se va concentrando en las grandes \u00e1reas metropolitanas, \u00bfes posible garantizar esta cantidad de \u00e1rea verde? En Europa, alrededor del 75% de la poblaci\u00f3n vive ya en centros urbanos, muy por encima de la media mundial (56%), pero por debajo de Am\u00e9rica del Norte (82%) y Am\u00e9rica Latina y el Caribe (79%).<\/p>\n<p>La gesti\u00f3n eficiente de estos espacios verdes urbanos requiere herramientas especializadas como un <a href=\"https:\/\/infraspeak.com\/es\/plataforma\/software-gestion-de-activos\">software gesti\u00f3n de activos<\/a> para optimizar el mantenimiento de estas infraestructuras verdes que se est\u00e1n convirtiendo en elementos clave de la arquitectura moderna.<\/p>\n<p>&nbsp;<br \/>\nUn promedio de <a href=\"https:\/\/urban.jrc.ec.europa.eu\/thefutureofcities\/space-and-the-city#the-chapter\">40% de las ciudades europeas<\/a> son zonas verdes, con 18,2 m2 de espacio verde accesible por cada habitante. Casi la mitad (44%) de la poblaci\u00f3n europea vive a menos de 300 metros de un parque p\u00fablico. El problema, por supuesto, es que los promedios pueden ser enga\u00f1osos: en Barcelona, por ejemplo, <a href=\"http:\/\/www.worldcitiescultureforum.com\/data\/of-public-green-space-parks-and-gardens\">s\u00f3lo el 11%<\/a> del \u00e1rea de la ciudad corresponde a zonas verdes. No es de extra\u00f1ar, por tanto, que cada vez haya m\u00e1s propuestas de reinvenci\u00f3n de los espacios urbanos.<br \/>\n&nbsp;<br \/>\n<img fetchpriority=\"high\" decoding=\"async\" class=\"aligncenter size-large wp-image-11468\" src=\"https:\/\/blog.infraspeak.com\/wp-content\/uploads\/2021\/11\/a\u0301reas-verdes-europa-1024x640.png\" alt=\"areas verdes europa | green spaces in europe\" width=\"640\" height=\"400\" srcset=\"https:\/\/blog.infraspeak.com\/wp-content\/uploads\/2021\/11\/a\u0301reas-verdes-europa-1024x640.png 1024w, https:\/\/blog.infraspeak.com\/wp-content\/uploads\/2021\/11\/a\u0301reas-verdes-europa-300x188.png 300w, https:\/\/blog.infraspeak.com\/wp-content\/uploads\/2021\/11\/a\u0301reas-verdes-europa-768x480.png 768w, https:\/\/blog.infraspeak.com\/wp-content\/uploads\/2021\/11\/a\u0301reas-verdes-europa.png 1984w\" sizes=\"(max-width: 640px) 100vw, 640px\" \/><br \/>\n&nbsp;<br \/>\nPosiblemente, parte de la soluci\u00f3n para aumentar las zonas verdes recupere la misma t\u00e1ctica que utilizamos para albergar a la enorme cantidad de gente que se concentra en las ciudades: construir en altura. En el futuro, tanto los edificios p\u00fablicos como los residenciales tendr\u00e1n jardines y fachadas verticales para compensar las emisiones de carbono, mejorar la calidad del aire, reducir las islas de calor urbanas y darnos acceso a las \u00e1reas verdes que tanto necesitamos.<br \/>\n&nbsp;<br \/>\nEs m\u00e1s, no cabe duda de que la arquitectura est\u00e1 evolucionando en una direcci\u00f3n cada vez m\u00e1s verde y ecol\u00f3gica. Seg\u00fan un estudio realizado en febrero de 2020, el mercado de la construcci\u00f3n de jardines verticales crecer\u00e1 un 6,18% al a\u00f1o hasta 2027. Pero el principal obst\u00e1culo para seguir creciendo es precisamente\u2026 el mantenimiento. \u00bfQu\u00e9 pueden esperar los facility managers de los edificios verdes que van a gestionar dentro de poco con <a href=\"https:\/\/infraspeak.com\/es\/soluciones\/software-facility-management\">software facility management<\/a>? \u00bfC\u00f3mo podemos superar los retos que presenta el mantenimiento de los jardines verticales?<\/p>\n<h2><strong>Mantenimiento de Jardines Verticales, Fachadas y Cubiertas Vegetales<\/strong><\/h2>\n<p>&nbsp;<\/p>\n<p>Para entender mejor los retos del mantenimiento de jardines verticales y zonas verdes, nada mejor que preguntar a un experto en la materia. Y este fue precisamente el tema de nuestra charla con Danyel Guzm\u00e1n, CEO de <a href=\"https:\/\/www.verdtical.com\/\">Verdtical<\/a>, empresa espa\u00f1ola l\u00edder en bioconstrucci\u00f3n y construcci\u00f3n de jardines verticales inteligentes. La charla est\u00e1 disponible en su totalidad aqu\u00ed:<\/p>\n<p>Como se\u00f1ala el experto, el mantenimiento de jardines verticales debe cumplir con normativas espec\u00edficas de seguridad laboral y medioambientales, especialmente cuando se trabaja en altura, donde un <a href=\"https:\/\/infraspeak.com\/es\/plataforma\/cumplimiento\">software gesti\u00f3n de cumplimiento<\/a> puede asegurar el seguimiento riguroso de todas las regulaciones aplicables.<\/p>\n<p><iframe title=\"El Mantenimiento aplicado a la Bioconstrucci\u00f3n \u2219 Talks at Infraspeak\" width=\"800\" height=\"450\" src=\"https:\/\/www.youtube.com\/embed\/X7Tztv2unQI?feature=oembed\" frameborder=\"0\" allow=\"accelerometer; autoplay; clipboard-write; encrypted-media; gyroscope; picture-in-picture; web-share\" allowfullscreen><\/iframe><\/p>\n<p><span style=\"font-weight: 400;\">\u00a0<\/span><\/p>\n<p><span style=\"font-weight: 400;\">El mantenimiento de los jardines verticales plantea tres retos principales:<\/span><\/p>\n<p>Adem\u00e1s de estos desaf\u00edos operativos, el mantenimiento de jardines verticales requiere un control preciso de materiales y suministros especializados, donde un <a href=\"https:\/\/infraspeak.com\/es\/soluciones\/software-gestion-stock\">software gesti\u00f3n de stock<\/a> puede ser fundamental para garantizar la disponibilidad constante de nutrientes, sustratos y herramientas espec\u00edficas.<\/p>\n<p>&nbsp;<\/p>\n<ul>\n<li style=\"font-weight: 400;\"><span style=\"font-weight: 400;\"><strong>proporcionar las condiciones \u00f3ptimas para el crecimiento de las plantas <\/strong>de forma \u00abartificial\u00bb: mantener el sistema de riego y la presi\u00f3n del agua, abonar y asegurar la calidad del sustrato, controlar la temperatura y la luz (en los jardines verticales de interior);\u00a0<\/span><\/li>\n<li style=\"font-weight: 400;\"><span style=\"font-weight: 400;\"><strong>gestionar el consumo de energ\u00eda relacionado con todos los sistemas<\/strong> que alimentan las plantas y garantizan las condiciones ideales para que se desarrollen;<\/span><\/li>\n<li style=\"font-weight: 400;\"><span style=\"font-weight: 400;\"><strong>realizar todas las tareas de mantenimiento y jardiner\u00eda trabajando en altura<\/strong>, en zonas de dif\u00edcil acceso, lo que supone un gran reto en t\u00e9rminos de seguridad y destreza. No es raro que se necesiten andamios o equipos de escalada.<\/span><\/li>\n<\/ul>\n<p>&nbsp;<br \/>\nPor supuesto, cuando los t\u00e9cnicos trabajan a 20 metros de altura, recibir notificaciones de aver\u00edas no es tan sencillo: \u00abBueno, diferenciamos entre dos tipos de \u00f3rdenes de trabajo. Una es m\u00e1s reactiva, cuando hay una incidencia o una alerta que puede dejar la instalaci\u00f3n en peligro. Se clasifican como \u00f3rdenes de trabajo, se priorizan y se env\u00edan directamente a los equipos de mantenimiento en el local para que act\u00faen en consecuencia\u00bb, comienza explicando. Un <a href=\"https:\/\/infraspeak.com\/es\/soluciones\/software-gmao\">software GMAO<\/a> puede facilitar enormemente esta gesti\u00f3n de \u00f3rdenes de trabajo.<\/p>\n<p>Dada la complejidad de coordinar equipos especializados que trabajan en altura y las particularidades de estos entornos, un <a href=\"https:\/\/infraspeak.com\/es\/soluciones\/software-gestion-servicios-de-campo\">software gesti\u00f3n de servicios de campo<\/a> puede optimizar significativamente la planificaci\u00f3n y ejecuci\u00f3n de las intervenciones de mantenimiento.<\/p>\n<p>&nbsp;<br \/>\n\u00abPor otro lado, [el mantenimiento preventivo] es una parte fundamental de nuestro trabajo. Como no siempre se puede acceder a la plataforma a 20 metros de altura, porque hay trabajos verticales que tienen ciertas especificaciones, <strong>es primordial planificar las \u00f3rdenes de trabajo desde un punto de vista preventivo, con duraci\u00f3n y fechas. Definir los equipos que tienen que comprobar, medir y registrar\u00bb<\/strong>.<br \/>\n&nbsp;<br \/>\nSi alg\u00fan equipo no funciona bien, o las mediciones no est\u00e1n dentro de los par\u00e1metros, \u00abpueden informarlo en la plataforma\u00bb y presentar una solicitud de reparaci\u00f3n. Esto es lo que genera \u00f3rdenes de trabajo reactivas y mantiene las condiciones para que el jard\u00edn siga desarroll\u00e1ndose, con la cantidad adecuada de agua y nutrientes, y sin plagas ni enfermedades.<\/p>\n<h2><strong>\u00bfC\u00f3mo facilita Infraspeak el mantenimiento de\u00a0 jardines inteligentes?<\/strong><\/h2>\n<p>Como habr\u00e1s notado, Verdtical no s\u00f3lo se dedica a construir jardines verticales, sino jardines verticales <em>inteligentes<\/em>. Teniendo en cuenta la importancia del mantenimiento preventivo para garantizar la supervivencia de estos espacios verdes, la empresa implementa <strong>sensores para monitorizar la presi\u00f3n, la temperatura y la calidad del sustrato<\/strong>. Los datos recogidos se transfieren en tiempo real a la plataforma de mantenimiento.<\/p>\n<p>En este contexto de edificios cada vez m\u00e1s complejos que integran tecnolog\u00eda verde e inteligente, la gesti\u00f3n integral puede beneficiarse del uso de <a href=\"https:\/\/infraspeak.com\/es\/soluciones\/software-cafm\">cafm software<\/a> para coordinar todos los aspectos del facility management y maximizar la eficiencia operativa.<\/p>\n<p>&nbsp;<br \/>\nEl uso de sensores no s\u00f3lo reduce el n\u00famero de \u00f3rdenes de trabajo preventivas presenciales, sino que tambi\u00e9n evita el mantenimiento reactivo (y los gastos asociados). Incluso a distancia, <strong>es posible transformar los datos en informaci\u00f3n valiosa para los jardineros<\/strong>. Adem\u00e1s, la plataforma proporciona informes detallados sobre las condiciones del jard\u00edn y el consumo de energ\u00eda, lo que conduce a mejoras continuas.<br \/>\n&nbsp;<br \/>\nTodos sabemos que los datos son valiosos, pero no siempre es f\u00e1cil darse cuenta de cu\u00e1nto. Sin embargo, si evolucionamos hacia una arquitectura verde e inteligente, los facility managers tienen que responder con herramientas igualmente inteligentes. <strong>Aunque es imposible negar el mantenimiento que requieren los jardines verticales, est\u00e1 claro que tenemos la capacidad tecnol\u00f3gica para afrontar el reto.<\/strong><\/p>\n<p><b>\u00a0<\/b><\/p>\n<p><strong>\u00abQuiero ser optimista. Considero que este [la pandemia de COVID-19] es un momento de reflexi\u00f3n, en el que debemos pensar en lo que est\u00e1bamos haciendo mal, y ser m\u00e1s proactivos con soluciones que mejoren nuestra relaci\u00f3n con el planeta a todos los niveles\u00bb<\/strong>, se\u00f1ala Danyel.<\/p>\n<p><a href=\"https:\/\/infraspeak.com\/es\/demo\"><img decoding=\"async\" class=\"alignnone size-full wp-image-3718\" src=\"http:\/\/blog.infraspeak.com\/wp-content\/uploads\/2019\/11\/ES-Demo-Banner.png\" alt=\"\" width=\"696\" height=\"239\" srcset=\"https:\/\/blog.infraspeak.com\/wp-content\/uploads\/2019\/11\/ES-Demo-Banner.png 696w, https:\/\/blog.infraspeak.com\/wp-content\/uploads\/2019\/11\/ES-Demo-Banner-300x103.png 300w, https:\/\/blog.infraspeak.com\/wp-content\/uploads\/2019\/11\/ES-Demo-Banner-768x264.png 768w, https:\/\/blog.infraspeak.com\/wp-content\/uploads\/2019\/11\/ES-Demo-Banner-1024x352.png 1024w\" sizes=\"(max-width: 696px) 100vw, 696px\" \/><\/a><\/p>\n","protected":false},"excerpt":{"rendered":"<p>\u00bfQu\u00e9 pueden esperar los facility managers de los edificios verdes que van a gestionar dentro de poco? \u00bfC\u00f3mo podemos superar los retos que presenta el mantenimiento de los jardines verticales?<\/p>\n","protected":false},"author":54,"featured_media":11475,"comment_status":"closed","ping_status":"closed","sticky":false,"template":"","format":"standard","meta":{"content-type":"","footnotes":"","_wp_rev_ctl_limit":""},"categories":[415],"tags":[],"class_list":["post-11830","post","type-post","status-publish","format-standard","has-post-thumbnail","hentry","category-mantenimiento"],"yoast_head":"<!-- This site is optimized with the Yoast SEO plugin v27.3 - https:\/\/yoast.com\/product\/yoast-seo-wordpress\/ -->\n<title>Mantenimiento y Bioconstrucci\u00f3n: \u00bflos jardines verticales sacan tarjeta roja al mantenimiento? &#8226; Infraspeak Blog<\/title>\n<meta name=\"description\" content=\"\u00bfQu\u00e9 pueden esperar los facility managers de los edificios verdes? \u00bfC\u00f3mo podemos superar los retos que presenta el mantenimiento de los jardines verticales?\" \/>\n<meta name=\"robots\" content=\"index, follow, max-snippet:-1, max-image-preview:large, max-video-preview:-1\" \/>\n<link rel=\"canonical\" href=\"https:\/\/blog.infraspeak.com\/es\/mantenimiento-jardines-verticales\/\" \/>\n<meta property=\"og:locale\" content=\"es_ES\" \/>\n<meta property=\"og:type\" content=\"article\" \/>\n<meta property=\"og:title\" content=\"Mantenimiento y Bioconstrucci\u00f3n: \u00bflos jardines verticales sacan tarjeta roja al mantenimiento? &#8226; Infraspeak Blog\" \/>\n<meta property=\"og:description\" content=\"\u00bfQu\u00e9 pueden esperar los facility managers de los edificios verdes? \u00bfC\u00f3mo podemos superar los retos que presenta el mantenimiento de los jardines verticales?\" \/>\n<meta property=\"og:url\" content=\"https:\/\/blog.infraspeak.com\/es\/mantenimiento-jardines-verticales\/\" \/>\n<meta property=\"og:site_name\" content=\"Infraspeak Blog\" \/>\n<meta property=\"article:publisher\" content=\"https:\/\/www.facebook.com\/infraspeakmaintenance\" \/>\n<meta property=\"article:published_time\" content=\"2021-11-30T11:45:42+00:00\" \/>\n<meta property=\"article:modified_time\" content=\"2026-04-02T18:19:27+00:00\" \/>\n<meta property=\"og:image\" content=\"https:\/\/blog.infraspeak.com\/wp-content\/uploads\/2021\/11\/verdtical-ft-infraspeak.jpeg\" \/>\n\t<meta property=\"og:image:width\" content=\"1024\" \/>\n\t<meta property=\"og:image:height\" content=\"683\" \/>\n\t<meta property=\"og:image:type\" content=\"image\/jpeg\" \/>\n<meta name=\"author\" content=\"Infraspeak Team\" \/>\n<meta name=\"twitter:card\" content=\"summary_large_image\" \/>\n<meta name=\"twitter:creator\" content=\"@infraspeak\" \/>\n<meta name=\"twitter:site\" content=\"@infraspeak\" \/>\n<meta name=\"twitter:label1\" content=\"Escrito por\" \/>\n\t<meta name=\"twitter:data1\" content=\"Infraspeak Team\" \/>\n\t<meta name=\"twitter:label2\" content=\"Tiempo de lectura\" \/>\n\t<meta name=\"twitter:data2\" content=\"6 minutos\" \/>\n<script type=\"application\/ld+json\" class=\"yoast-schema-graph\">{\"@context\":\"https:\\\/\\\/schema.org\",\"@graph\":[{\"@type\":\"Article\",\"@id\":\"https:\\\/\\\/blog.infraspeak.com\\\/es\\\/mantenimiento-jardines-verticales\\\/#article\",\"isPartOf\":{\"@id\":\"https:\\\/\\\/blog.infraspeak.com\\\/es\\\/mantenimiento-jardines-verticales\\\/\"},\"author\":{\"name\":\"Infraspeak Team\",\"@id\":\"https:\\\/\\\/blog.infraspeak.com\\\/pt-pt\\\/#\\\/schema\\\/person\\\/b53887f01881a658b4cc1bf25f2d4377\"},\"headline\":\"Mantenimiento y Bioconstrucci\u00f3n: \u00bflos jardines verticales sacan tarjeta roja al mantenimiento?\",\"datePublished\":\"2021-11-30T11:45:42+00:00\",\"dateModified\":\"2026-04-02T18:19:27+00:00\",\"mainEntityOfPage\":{\"@id\":\"https:\\\/\\\/blog.infraspeak.com\\\/es\\\/mantenimiento-jardines-verticales\\\/\"},\"wordCount\":1241,\"publisher\":{\"@id\":\"https:\\\/\\\/blog.infraspeak.com\\\/pt-pt\\\/#organization\"},\"image\":{\"@id\":\"https:\\\/\\\/blog.infraspeak.com\\\/es\\\/mantenimiento-jardines-verticales\\\/#primaryimage\"},\"thumbnailUrl\":\"https:\\\/\\\/blog.infraspeak.com\\\/wp-content\\\/uploads\\\/2021\\\/11\\\/verdtical-ft-infraspeak.jpeg\",\"articleSection\":[\"Mantenimiento\"],\"inLanguage\":\"es\"},{\"@type\":\"WebPage\",\"@id\":\"https:\\\/\\\/blog.infraspeak.com\\\/es\\\/mantenimiento-jardines-verticales\\\/\",\"url\":\"https:\\\/\\\/blog.infraspeak.com\\\/es\\\/mantenimiento-jardines-verticales\\\/\",\"name\":\"Mantenimiento y Bioconstrucci\u00f3n: \u00bflos jardines verticales sacan tarjeta roja al mantenimiento? &#8226; Infraspeak Blog\",\"isPartOf\":{\"@id\":\"https:\\\/\\\/blog.infraspeak.com\\\/pt-pt\\\/#website\"},\"primaryImageOfPage\":{\"@id\":\"https:\\\/\\\/blog.infraspeak.com\\\/es\\\/mantenimiento-jardines-verticales\\\/#primaryimage\"},\"image\":{\"@id\":\"https:\\\/\\\/blog.infraspeak.com\\\/es\\\/mantenimiento-jardines-verticales\\\/#primaryimage\"},\"thumbnailUrl\":\"https:\\\/\\\/blog.infraspeak.com\\\/wp-content\\\/uploads\\\/2021\\\/11\\\/verdtical-ft-infraspeak.jpeg\",\"datePublished\":\"2021-11-30T11:45:42+00:00\",\"dateModified\":\"2026-04-02T18:19:27+00:00\",\"description\":\"\u00bfQu\u00e9 pueden esperar los facility managers de los edificios verdes? \u00bfC\u00f3mo podemos superar los retos que presenta el mantenimiento de los jardines verticales?\",\"breadcrumb\":{\"@id\":\"https:\\\/\\\/blog.infraspeak.com\\\/es\\\/mantenimiento-jardines-verticales\\\/#breadcrumb\"},\"inLanguage\":\"es\",\"potentialAction\":[{\"@type\":\"ReadAction\",\"target\":[\"https:\\\/\\\/blog.infraspeak.com\\\/es\\\/mantenimiento-jardines-verticales\\\/\"]}]},{\"@type\":\"ImageObject\",\"inLanguage\":\"es\",\"@id\":\"https:\\\/\\\/blog.infraspeak.com\\\/es\\\/mantenimiento-jardines-verticales\\\/#primaryimage\",\"url\":\"https:\\\/\\\/blog.infraspeak.com\\\/wp-content\\\/uploads\\\/2021\\\/11\\\/verdtical-ft-infraspeak.jpeg\",\"contentUrl\":\"https:\\\/\\\/blog.infraspeak.com\\\/wp-content\\\/uploads\\\/2021\\\/11\\\/verdtical-ft-infraspeak.jpeg\",\"width\":1024,\"height\":683,\"caption\":\"Milan Italy June 29, 2019: ecological house with garden on every terrace that turns the building into a vertical wood\"},{\"@type\":\"BreadcrumbList\",\"@id\":\"https:\\\/\\\/blog.infraspeak.com\\\/es\\\/mantenimiento-jardines-verticales\\\/#breadcrumb\",\"itemListElement\":[{\"@type\":\"ListItem\",\"position\":1,\"name\":\"Home\",\"item\":\"https:\\\/\\\/blog.infraspeak.com\\\/\"},{\"@type\":\"ListItem\",\"position\":2,\"name\":\"Mantenimiento y Bioconstrucci\u00f3n: \u00bflos jardines verticales sacan tarjeta roja al mantenimiento?\"}]},{\"@type\":\"WebSite\",\"@id\":\"https:\\\/\\\/blog.infraspeak.com\\\/pt-pt\\\/#website\",\"url\":\"https:\\\/\\\/blog.infraspeak.com\\\/pt-pt\\\/\",\"name\":\"Infraspeak Blog\",\"description\":\"All About Maintenance and Facilities Management\",\"publisher\":{\"@id\":\"https:\\\/\\\/blog.infraspeak.com\\\/pt-pt\\\/#organization\"},\"potentialAction\":[{\"@type\":\"SearchAction\",\"target\":{\"@type\":\"EntryPoint\",\"urlTemplate\":\"https:\\\/\\\/blog.infraspeak.com\\\/pt-pt\\\/?s={search_term_string}\"},\"query-input\":{\"@type\":\"PropertyValueSpecification\",\"valueRequired\":true,\"valueName\":\"search_term_string\"}}],\"inLanguage\":\"es\"},{\"@type\":\"Organization\",\"@id\":\"https:\\\/\\\/blog.infraspeak.com\\\/pt-pt\\\/#organization\",\"name\":\"Infraspeak\",\"url\":\"https:\\\/\\\/blog.infraspeak.com\\\/pt-pt\\\/\",\"logo\":{\"@type\":\"ImageObject\",\"inLanguage\":\"es\",\"@id\":\"https:\\\/\\\/blog.infraspeak.com\\\/pt-pt\\\/#\\\/schema\\\/logo\\\/image\\\/\",\"url\":\"https:\\\/\\\/blog.infraspeak.com\\\/wp-content\\\/uploads\\\/2018\\\/11\\\/is-logo@2x.png\",\"contentUrl\":\"https:\\\/\\\/blog.infraspeak.com\\\/wp-content\\\/uploads\\\/2018\\\/11\\\/is-logo@2x.png\",\"width\":544,\"height\":180,\"caption\":\"Infraspeak\"},\"image\":{\"@id\":\"https:\\\/\\\/blog.infraspeak.com\\\/pt-pt\\\/#\\\/schema\\\/logo\\\/image\\\/\"},\"sameAs\":[\"https:\\\/\\\/www.facebook.com\\\/infraspeakmaintenance\",\"https:\\\/\\\/x.com\\\/infraspeak\",\"https:\\\/\\\/www.instagram.com\\\/infraspeak\\\/\",\"http:\\\/\\\/www.linkedin.com\\\/company\\\/infraspeak\",\"https:\\\/\\\/www.youtube.com\\\/channel\\\/UCOdjKyhSD9RJbRhuP-S8Avw\"]},{\"@type\":\"Person\",\"@id\":\"https:\\\/\\\/blog.infraspeak.com\\\/pt-pt\\\/#\\\/schema\\\/person\\\/b53887f01881a658b4cc1bf25f2d4377\",\"name\":\"Infraspeak Team\",\"image\":{\"@type\":\"ImageObject\",\"inLanguage\":\"es\",\"@id\":\"https:\\\/\\\/blog.infraspeak.com\\\/wp-content\\\/uploads\\\/2023\\\/02\\\/296167549_2627985274000609_8314221938057526692_n-120x120.jpg\",\"url\":\"https:\\\/\\\/blog.infraspeak.com\\\/wp-content\\\/uploads\\\/2023\\\/02\\\/296167549_2627985274000609_8314221938057526692_n-120x120.jpg\",\"contentUrl\":\"https:\\\/\\\/blog.infraspeak.com\\\/wp-content\\\/uploads\\\/2023\\\/02\\\/296167549_2627985274000609_8314221938057526692_n-120x120.jpg\",\"caption\":\"Infraspeak Team\"},\"url\":\"https:\\\/\\\/blog.infraspeak.com\\\/es\\\/author\\\/infraspeakteam\\\/\"}]}<\/script>\n<!-- \/ Yoast SEO plugin. -->","yoast_head_json":{"title":"Mantenimiento y Bioconstrucci\u00f3n: \u00bflos jardines verticales sacan tarjeta roja al mantenimiento? &#8226; Infraspeak Blog","description":"\u00bfQu\u00e9 pueden esperar los facility managers de los edificios verdes? \u00bfC\u00f3mo podemos superar los retos que presenta el mantenimiento de los jardines verticales?","robots":{"index":"index","follow":"follow","max-snippet":"max-snippet:-1","max-image-preview":"max-image-preview:large","max-video-preview":"max-video-preview:-1"},"canonical":"https:\/\/blog.infraspeak.com\/es\/mantenimiento-jardines-verticales\/","og_locale":"es_ES","og_type":"article","og_title":"Mantenimiento y Bioconstrucci\u00f3n: \u00bflos jardines verticales sacan tarjeta roja al mantenimiento? &#8226; Infraspeak Blog","og_description":"\u00bfQu\u00e9 pueden esperar los facility managers de los edificios verdes? \u00bfC\u00f3mo podemos superar los retos que presenta el mantenimiento de los jardines verticales?","og_url":"https:\/\/blog.infraspeak.com\/es\/mantenimiento-jardines-verticales\/","og_site_name":"Infraspeak Blog","article_publisher":"https:\/\/www.facebook.com\/infraspeakmaintenance","article_published_time":"2021-11-30T11:45:42+00:00","article_modified_time":"2026-04-02T18:19:27+00:00","og_image":[{"width":1024,"height":683,"url":"https:\/\/blog.infraspeak.com\/wp-content\/uploads\/2021\/11\/verdtical-ft-infraspeak.jpeg","type":"image\/jpeg"}],"author":"Infraspeak Team","twitter_card":"summary_large_image","twitter_creator":"@infraspeak","twitter_site":"@infraspeak","twitter_misc":{"Escrito por":"Infraspeak Team","Tiempo de lectura":"6 minutos"},"schema":{"@context":"https:\/\/schema.org","@graph":[{"@type":"Article","@id":"https:\/\/blog.infraspeak.com\/es\/mantenimiento-jardines-verticales\/#article","isPartOf":{"@id":"https:\/\/blog.infraspeak.com\/es\/mantenimiento-jardines-verticales\/"},"author":{"name":"Infraspeak Team","@id":"https:\/\/blog.infraspeak.com\/pt-pt\/#\/schema\/person\/b53887f01881a658b4cc1bf25f2d4377"},"headline":"Mantenimiento y Bioconstrucci\u00f3n: \u00bflos jardines verticales sacan tarjeta roja al mantenimiento?","datePublished":"2021-11-30T11:45:42+00:00","dateModified":"2026-04-02T18:19:27+00:00","mainEntityOfPage":{"@id":"https:\/\/blog.infraspeak.com\/es\/mantenimiento-jardines-verticales\/"},"wordCount":1241,"publisher":{"@id":"https:\/\/blog.infraspeak.com\/pt-pt\/#organization"},"image":{"@id":"https:\/\/blog.infraspeak.com\/es\/mantenimiento-jardines-verticales\/#primaryimage"},"thumbnailUrl":"https:\/\/blog.infraspeak.com\/wp-content\/uploads\/2021\/11\/verdtical-ft-infraspeak.jpeg","articleSection":["Mantenimiento"],"inLanguage":"es"},{"@type":"WebPage","@id":"https:\/\/blog.infraspeak.com\/es\/mantenimiento-jardines-verticales\/","url":"https:\/\/blog.infraspeak.com\/es\/mantenimiento-jardines-verticales\/","name":"Mantenimiento y Bioconstrucci\u00f3n: \u00bflos jardines verticales sacan tarjeta roja al mantenimiento? &#8226; Infraspeak Blog","isPartOf":{"@id":"https:\/\/blog.infraspeak.com\/pt-pt\/#website"},"primaryImageOfPage":{"@id":"https:\/\/blog.infraspeak.com\/es\/mantenimiento-jardines-verticales\/#primaryimage"},"image":{"@id":"https:\/\/blog.infraspeak.com\/es\/mantenimiento-jardines-verticales\/#primaryimage"},"thumbnailUrl":"https:\/\/blog.infraspeak.com\/wp-content\/uploads\/2021\/11\/verdtical-ft-infraspeak.jpeg","datePublished":"2021-11-30T11:45:42+00:00","dateModified":"2026-04-02T18:19:27+00:00","description":"\u00bfQu\u00e9 pueden esperar los facility managers de los edificios verdes? \u00bfC\u00f3mo podemos superar los retos que presenta el mantenimiento de los jardines verticales?","breadcrumb":{"@id":"https:\/\/blog.infraspeak.com\/es\/mantenimiento-jardines-verticales\/#breadcrumb"},"inLanguage":"es","potentialAction":[{"@type":"ReadAction","target":["https:\/\/blog.infraspeak.com\/es\/mantenimiento-jardines-verticales\/"]}]},{"@type":"ImageObject","inLanguage":"es","@id":"https:\/\/blog.infraspeak.com\/es\/mantenimiento-jardines-verticales\/#primaryimage","url":"https:\/\/blog.infraspeak.com\/wp-content\/uploads\/2021\/11\/verdtical-ft-infraspeak.jpeg","contentUrl":"https:\/\/blog.infraspeak.com\/wp-content\/uploads\/2021\/11\/verdtical-ft-infraspeak.jpeg","width":1024,"height":683,"caption":"Milan Italy June 29, 2019: ecological house with garden on every terrace that turns the building into a vertical wood"},{"@type":"BreadcrumbList","@id":"https:\/\/blog.infraspeak.com\/es\/mantenimiento-jardines-verticales\/#breadcrumb","itemListElement":[{"@type":"ListItem","position":1,"name":"Home","item":"https:\/\/blog.infraspeak.com\/"},{"@type":"ListItem","position":2,"name":"Mantenimiento y Bioconstrucci\u00f3n: \u00bflos jardines verticales sacan tarjeta roja al mantenimiento?"}]},{"@type":"WebSite","@id":"https:\/\/blog.infraspeak.com\/pt-pt\/#website","url":"https:\/\/blog.infraspeak.com\/pt-pt\/","name":"Infraspeak Blog","description":"All About Maintenance and Facilities Management","publisher":{"@id":"https:\/\/blog.infraspeak.com\/pt-pt\/#organization"},"potentialAction":[{"@type":"SearchAction","target":{"@type":"EntryPoint","urlTemplate":"https:\/\/blog.infraspeak.com\/pt-pt\/?s={search_term_string}"},"query-input":{"@type":"PropertyValueSpecification","valueRequired":true,"valueName":"search_term_string"}}],"inLanguage":"es"},{"@type":"Organization","@id":"https:\/\/blog.infraspeak.com\/pt-pt\/#organization","name":"Infraspeak","url":"https:\/\/blog.infraspeak.com\/pt-pt\/","logo":{"@type":"ImageObject","inLanguage":"es","@id":"https:\/\/blog.infraspeak.com\/pt-pt\/#\/schema\/logo\/image\/","url":"https:\/\/blog.infraspeak.com\/wp-content\/uploads\/2018\/11\/is-logo@2x.png","contentUrl":"https:\/\/blog.infraspeak.com\/wp-content\/uploads\/2018\/11\/is-logo@2x.png","width":544,"height":180,"caption":"Infraspeak"},"image":{"@id":"https:\/\/blog.infraspeak.com\/pt-pt\/#\/schema\/logo\/image\/"},"sameAs":["https:\/\/www.facebook.com\/infraspeakmaintenance","https:\/\/x.com\/infraspeak","https:\/\/www.instagram.com\/infraspeak\/","http:\/\/www.linkedin.com\/company\/infraspeak","https:\/\/www.youtube.com\/channel\/UCOdjKyhSD9RJbRhuP-S8Avw"]},{"@type":"Person","@id":"https:\/\/blog.infraspeak.com\/pt-pt\/#\/schema\/person\/b53887f01881a658b4cc1bf25f2d4377","name":"Infraspeak Team","image":{"@type":"ImageObject","inLanguage":"es","@id":"https:\/\/blog.infraspeak.com\/wp-content\/uploads\/2023\/02\/296167549_2627985274000609_8314221938057526692_n-120x120.jpg","url":"https:\/\/blog.infraspeak.com\/wp-content\/uploads\/2023\/02\/296167549_2627985274000609_8314221938057526692_n-120x120.jpg","contentUrl":"https:\/\/blog.infraspeak.com\/wp-content\/uploads\/2023\/02\/296167549_2627985274000609_8314221938057526692_n-120x120.jpg","caption":"Infraspeak Team"},"url":"https:\/\/blog.infraspeak.com\/es\/author\/infraspeakteam\/"}]}},"_links":{"self":[{"href":"https:\/\/blog.infraspeak.com\/es\/wp-json\/wp\/v2\/posts\/11830","targetHints":{"allow":["GET"]}}],"collection":[{"href":"https:\/\/blog.infraspeak.com\/es\/wp-json\/wp\/v2\/posts"}],"about":[{"href":"https:\/\/blog.infraspeak.com\/es\/wp-json\/wp\/v2\/types\/post"}],"author":[{"embeddable":true,"href":"https:\/\/blog.infraspeak.com\/es\/wp-json\/wp\/v2\/users\/54"}],"replies":[{"embeddable":true,"href":"https:\/\/blog.infraspeak.com\/es\/wp-json\/wp\/v2\/comments?post=11830"}],"version-history":[{"count":6,"href":"https:\/\/blog.infraspeak.com\/es\/wp-json\/wp\/v2\/posts\/11830\/revisions"}],"predecessor-version":[{"id":34632,"href":"https:\/\/blog.infraspeak.com\/es\/wp-json\/wp\/v2\/posts\/11830\/revisions\/34632"}],"wp:featuredmedia":[{"embeddable":true,"href":"https:\/\/blog.infraspeak.com\/es\/wp-json\/wp\/v2\/media\/11475"}],"wp:attachment":[{"href":"https:\/\/blog.infraspeak.com\/es\/wp-json\/wp\/v2\/media?parent=11830"}],"wp:term":[{"taxonomy":"category","embeddable":true,"href":"https:\/\/blog.infraspeak.com\/es\/wp-json\/wp\/v2\/categories?post=11830"},{"taxonomy":"post_tag","embeddable":true,"href":"https:\/\/blog.infraspeak.com\/es\/wp-json\/wp\/v2\/tags?post=11830"}],"curies":[{"name":"wp","href":"https:\/\/api.w.org\/{rel}","templated":true}]}}